{"id":12823,"date":"2026-08-31T13:42:15","date_gmt":"2026-08-31T11:42:15","guid":{"rendered":"https:\/\/its-norway.no\/?p=12823"},"modified":"2026-08-31T13:43:55","modified_gmt":"2026-08-31T11:43:55","slug":"sok-stotte-fra-innovasjon-norge-og-bli-med-pa-nordic-paviljong-i-birminhgam-2027","status":"publish","type":"post","link":"https:\/\/its-norway.no\/en\/sok-stotte-fra-innovasjon-norge-og-bli-med-pa-nordic-paviljong-i-birminhgam-2027\/","title":{"rendered":"S\u00f8k st\u00f8tte fra Innovasjon Norge og bli med p\u00e5 Nordic+ paviljong i Birminhgam 2027"},"content":{"rendered":"\n<p>25.\u201329. oktober 2027 samler ITS World Congress rundt 15 000 deltakere, over 530 utstillere og akt\u00f8rer fra mer enn 100 land i Birmingham. Nordic+ er p\u00e5 plass med en felles Nordic+ paviljong p\u00e5 88 m\u00b2, der nordiske og baltiske virksomheter kan vise frem l\u00f8sninger, m\u00f8te kunder og partnere og bygge nye internasjonale kontakter.<\/p>\n\n\n\n<p>For norske sm\u00e5 og mellomstore bedrifter finnes det n\u00e5 en ekstra god grunn til \u00e5 vurdere Birmingham.<\/p>\n\n\n\n<p>ITS World Congress 2027 er forh\u00e5ndsgodkjent for Innovasjon Norges ordning for eksportfremst\u00f8t. Norske bedrifter med 1\u201399 ansatte kan s\u00f8ke om 20 000\u201370 000 kroner i st\u00f8tte til deltakelse i internasjonale messer. Ordningen er rettet mot bedrifter som har egenutviklede produkter eller l\u00f8sninger som skal vises frem.<\/p>\n\n\n\n<p>Nordic+ paviljongen gir to muligheter for deltakelse: <strong>Product+ til \u20ac7 500<\/strong>, med egen plass for produkt eller skjerm, og <strong>Classic til \u20ac5 000<\/strong>. Begge inkluderer blant annet nettverk, aktiviteter p\u00e5 paviljongen, synlighet og Nordic+ Night.<\/p>\n\n\n\n<p>Men vi \u00f8nsker \u00e5 gj\u00f8re mer enn bare \u00e5 tilby en standplass. Sammen med v\u00e5re Nordic+ kolleger vil vi jobbe aktivt med matching mot relevante akt\u00f8rer, kunder og samarbeidspartnere i Storbritannia, delegasjoner og m\u00f8ter knyttet til deltakernes interesser. Paviljongen blir ogs\u00e5 en arena for pitching, presentasjoner og internasjonal nettverksbygging.<\/p>\n\n\n\n<p>V\u00e5rt r\u00e5d er \u00e5 s\u00f8ke tidlig. S\u00f8knadene behandles l\u00f8pende, men behandlingstiden er lang. Vet dere allerede n\u00e5 at det britiske markedet og ITS World Congress kan v\u00e6re relevante, er det derfor ingen grunn til \u00e5 vente med \u00e5 unders\u00f8ke muligheten!<\/p>\n\n\n\n<p><a target=\"_blank\" rel=\"noreferrer noopener\" href=\"https:\/\/www.innovasjonnorge.no\/tjeneste\/eksportfremstot-tilskudd-til-a-delta-pa-messer?utm_source=chatgpt.com\">Les mer og s\u00f8k st\u00f8tte hos Innovasjon Norge<\/a><\/p>\n\n\n\n<p>Ta gjerne kontakt med ITS Norway dersom dere vurderer \u00e5 delta. Vi kan diskutere hvilken deltakelse som passer, og hvilke akt\u00f8rer og m\u00f8ter det kan v\u00e6re interessant \u00e5 jobbe mot i Storbritannia.<\/p>\n\n\n\n<p>Les mer her i presentasjonen. <\/p>\n\n\n\n<div data-wp-interactive=\"core\/file\" class=\"wp-block-file\"><object data-wp-bind--hidden=\"!state.hasPdfPreview\" hidden class=\"wp-block-file__embed\" data=\"https:\/\/its-norway.no\/wp-content\/uploads\/2026\/08\/Nordic-Pavilion_ITS-World-Birmingham.pdf\" type=\"application\/pdf\" style=\"width:100%;height:600px\" aria-label=\"Embed of Nordic+ Pavilion_ITS World Birmingham.\"><\/object><a id=\"wp-block-file--media-eaacbf71-b5b5-43ac-bf94-238133aa42d5\" href=\"https:\/\/its-norway.no\/wp-content\/uploads\/2026\/08\/Nordic-Pavilion_ITS-World-Birmingham.pdf\">Nordic+ Pavilion_ITS World Birmingham<\/a><a href=\"https:\/\/its-norway.no\/wp-content\/uploads\/2026\/08\/Nordic-Pavilion_ITS-World-Birmingham.pdf\" class=\"wp-block-file__button wp-element-button\" download aria-describedby=\"wp-block-file--media-eaacbf71-b5b5-43ac-bf94-238133aa42d5\">Last ned<\/a><\/div>\n","protected":false},"excerpt":{"rendered":"<p>25.\u201329. oktober 2027 samler ITS World Congress rundt 15 000 deltakere, over 530 utstillere og akt\u00f8rer fra mer enn 100&#8230;<\/p>\n","protected":false},"author":3,"featured_media":12824,"comment_status":"closed","ping_status":"closed","sticky":false,"template":"","format":"standard","meta":{"_acf_changed":false,"footnotes":""},"categories":[1],"tags":[],"class_list":["post-12823","post","type-post","status-publish","format-standard","has-post-thumbnail","hentry","category-uncategorized-no"],"acf":{"itsn_readtime":"","show_date":["Vis"],"featured_image_settings":{"size":"cover","position":"center"},"image_format":"cover","position":"center","lead-text":"","bottom_links":false},"yoast_head":"<!-- This site is optimized with the Yoast SEO plugin v28.0 - https:\/\/yoast.com\/product\/yoast-seo-wordpress\/ -->\n<title>S\u00f8k st\u00f8tte fra Innovasjon Norge og bli med p\u00e5 Nordic+ paviljong i Birminhgam 2027 - ITS Norway<\/title>\n<meta name=\"robots\" content=\"index, follow, max-snippet:-1, max-image-preview:large, max-video-preview:-1\" \/>\n<link rel=\"canonical\" href=\"https:\/\/its-norway.no\/en\/sok-stotte-fra-innovasjon-norge-og-bli-med-pa-nordic-paviljong-i-birminhgam-2027\/\" \/>\n<meta property=\"og:locale\" content=\"en_US\" \/>\n<meta property=\"og:type\" content=\"article\" \/>\n<meta property=\"og:title\" content=\"S\u00f8k st\u00f8tte fra Innovasjon Norge og bli med p\u00e5 Nordic+ paviljong i Birminhgam 2027 - ITS Norway\" \/>\n<meta property=\"og:description\" content=\"25.\u201329. oktober 2027 samler ITS World Congress rundt 15 000 deltakere, over 530 utstillere og akt\u00f8rer fra mer enn 100...\" \/>\n<meta property=\"og:url\" content=\"https:\/\/its-norway.no\/en\/sok-stotte-fra-innovasjon-norge-og-bli-med-pa-nordic-paviljong-i-birminhgam-2027\/\" \/>\n<meta property=\"og:site_name\" content=\"ITS Norway\" \/>\n<meta property=\"article:published_time\" content=\"2026-08-31T11:42:15+00:00\" \/>\n<meta property=\"article:modified_time\" content=\"2026-08-31T11:43:55+00:00\" \/>\n<meta property=\"og:image\" content=\"https:\/\/its-norway.no\/wp-content\/uploads\/2026\/08\/Intertraffic-pavilion-1.jpeg\" \/>\n\t<meta property=\"og:image:width\" content=\"1920\" \/>\n\t<meta property=\"og:image:height\" content=\"1440\" \/>\n\t<meta property=\"og:image:type\" content=\"image\/jpeg\" \/>\n<meta name=\"author\" content=\"Jenny Simonsen\" \/>\n<meta name=\"twitter:card\" content=\"summary_large_image\" \/>\n<meta name=\"twitter:label1\" content=\"Written by\" \/>\n\t<meta name=\"twitter:data1\" content=\"Jenny Simonsen\" \/>\n\t<meta name=\"twitter:label2\" content=\"Est. reading time\" \/>\n\t<meta name=\"twitter:data2\" content=\"2 minutes\" \/>\n<script type=\"application\/ld+json\" class=\"yoast-schema-graph\">{\"@context\":\"https:\\\/\\\/schema.org\",\"@graph\":[{\"@type\":\"Article\",\"@id\":\"https:\\\/\\\/its-norway.no\\\/en\\\/sok-stotte-fra-innovasjon-norge-og-bli-med-pa-nordic-paviljong-i-birminhgam-2027\\\/#article\",\"isPartOf\":{\"@id\":\"https:\\\/\\\/its-norway.no\\\/en\\\/sok-stotte-fra-innovasjon-norge-og-bli-med-pa-nordic-paviljong-i-birminhgam-2027\\\/\"},\"author\":{\"name\":\"Jenny Simonsen\",\"@id\":\"https:\\\/\\\/its-norway.no\\\/en\\\/#\\\/schema\\\/person\\\/44e076ce09417b16d1d8a97a47770e10\"},\"headline\":\"S\u00f8k st\u00f8tte fra Innovasjon Norge og bli med p\u00e5 Nordic+ paviljong i Birminhgam 2027\",\"datePublished\":\"2026-08-31T11:42:15+00:00\",\"dateModified\":\"2026-08-31T11:43:55+00:00\",\"mainEntityOfPage\":{\"@id\":\"https:\\\/\\\/its-norway.no\\\/en\\\/sok-stotte-fra-innovasjon-norge-og-bli-med-pa-nordic-paviljong-i-birminhgam-2027\\\/\"},\"wordCount\":307,\"image\":{\"@id\":\"https:\\\/\\\/its-norway.no\\\/en\\\/sok-stotte-fra-innovasjon-norge-og-bli-med-pa-nordic-paviljong-i-birminhgam-2027\\\/#primaryimage\"},\"thumbnailUrl\":\"https:\\\/\\\/its-norway.no\\\/wp-content\\\/uploads\\\/2026\\\/08\\\/Intertraffic-pavilion-1.jpeg\",\"articleSection\":[\"Uncategorized @no\"],\"inLanguage\":\"en-US\"},{\"@type\":\"WebPage\",\"@id\":\"https:\\\/\\\/its-norway.no\\\/en\\\/sok-stotte-fra-innovasjon-norge-og-bli-med-pa-nordic-paviljong-i-birminhgam-2027\\\/\",\"url\":\"https:\\\/\\\/its-norway.no\\\/en\\\/sok-stotte-fra-innovasjon-norge-og-bli-med-pa-nordic-paviljong-i-birminhgam-2027\\\/\",\"name\":\"S\u00f8k st\u00f8tte fra Innovasjon Norge og bli med p\u00e5 Nordic+ paviljong i Birminhgam 2027 - ITS Norway\",\"isPartOf\":{\"@id\":\"https:\\\/\\\/its-norway.no\\\/en\\\/#website\"},\"primaryImageOfPage\":{\"@id\":\"https:\\\/\\\/its-norway.no\\\/en\\\/sok-stotte-fra-innovasjon-norge-og-bli-med-pa-nordic-paviljong-i-birminhgam-2027\\\/#primaryimage\"},\"image\":{\"@id\":\"https:\\\/\\\/its-norway.no\\\/en\\\/sok-stotte-fra-innovasjon-norge-og-bli-med-pa-nordic-paviljong-i-birminhgam-2027\\\/#primaryimage\"},\"thumbnailUrl\":\"https:\\\/\\\/its-norway.no\\\/wp-content\\\/uploads\\\/2026\\\/08\\\/Intertraffic-pavilion-1.jpeg\",\"datePublished\":\"2026-08-31T11:42:15+00:00\",\"dateModified\":\"2026-08-31T11:43:55+00:00\",\"author\":{\"@id\":\"https:\\\/\\\/its-norway.no\\\/en\\\/#\\\/schema\\\/person\\\/44e076ce09417b16d1d8a97a47770e10\"},\"breadcrumb\":{\"@id\":\"https:\\\/\\\/its-norway.no\\\/en\\\/sok-stotte-fra-innovasjon-norge-og-bli-med-pa-nordic-paviljong-i-birminhgam-2027\\\/#breadcrumb\"},\"inLanguage\":\"en-US\",\"potentialAction\":[{\"@type\":\"ReadAction\",\"target\":[\"https:\\\/\\\/its-norway.no\\\/en\\\/sok-stotte-fra-innovasjon-norge-og-bli-med-pa-nordic-paviljong-i-birminhgam-2027\\\/\"]}]},{\"@type\":\"ImageObject\",\"inLanguage\":\"en-US\",\"@id\":\"https:\\\/\\\/its-norway.no\\\/en\\\/sok-stotte-fra-innovasjon-norge-og-bli-med-pa-nordic-paviljong-i-birminhgam-2027\\\/#primaryimage\",\"url\":\"https:\\\/\\\/its-norway.no\\\/wp-content\\\/uploads\\\/2026\\\/08\\\/Intertraffic-pavilion-1.jpeg\",\"contentUrl\":\"https:\\\/\\\/its-norway.no\\\/wp-content\\\/uploads\\\/2026\\\/08\\\/Intertraffic-pavilion-1.jpeg\",\"width\":1920,\"height\":1440},{\"@type\":\"BreadcrumbList\",\"@id\":\"https:\\\/\\\/its-norway.no\\\/en\\\/sok-stotte-fra-innovasjon-norge-og-bli-med-pa-nordic-paviljong-i-birminhgam-2027\\\/#breadcrumb\",\"itemListElement\":[{\"@type\":\"ListItem\",\"position\":1,\"name\":\"Home\",\"item\":\"https:\\\/\\\/its-norway.no\\\/en\\\/\"},{\"@type\":\"ListItem\",\"position\":2,\"name\":\"Aktuelt\"}]},{\"@type\":\"WebSite\",\"@id\":\"https:\\\/\\\/its-norway.no\\\/en\\\/#website\",\"url\":\"https:\\\/\\\/its-norway.no\\\/en\\\/\",\"name\":\"ITS Norway\",\"description\":\"Intelligente transportsystemer\",\"potentialAction\":[{\"@type\":\"SearchAction\",\"target\":{\"@type\":\"EntryPoint\",\"urlTemplate\":\"https:\\\/\\\/its-norway.no\\\/en\\\/?s={search_term_string}\"},\"query-input\":{\"@type\":\"PropertyValueSpecification\",\"valueRequired\":true,\"valueName\":\"search_term_string\"}}],\"inLanguage\":\"en-US\"},{\"@type\":\"Person\",\"@id\":\"https:\\\/\\\/its-norway.no\\\/en\\\/#\\\/schema\\\/person\\\/44e076ce09417b16d1d8a97a47770e10\",\"name\":\"Jenny Simonsen\",\"image\":{\"@type\":\"ImageObject\",\"inLanguage\":\"en-US\",\"@id\":\"https:\\\/\\\/secure.gravatar.com\\\/avatar\\\/c0c99579f855902e647fdcd4eaf12ab55cc8a5dc8ff57dad3c864687967c9957?s=96&d=mm&r=g\",\"url\":\"https:\\\/\\\/secure.gravatar.com\\\/avatar\\\/c0c99579f855902e647fdcd4eaf12ab55cc8a5dc8ff57dad3c864687967c9957?s=96&d=mm&r=g\",\"contentUrl\":\"https:\\\/\\\/secure.gravatar.com\\\/avatar\\\/c0c99579f855902e647fdcd4eaf12ab55cc8a5dc8ff57dad3c864687967c9957?s=96&d=mm&r=g\",\"caption\":\"Jenny Simonsen\"}}]}<\/script>\n<!-- \/ Yoast SEO plugin. -->","yoast_head_json":{"title":"S\u00f8k st\u00f8tte fra Innovasjon Norge og bli med p\u00e5 Nordic+ paviljong i Birminhgam 2027 - ITS Norway","robots":{"index":"index","follow":"follow","max-snippet":"max-snippet:-1","max-image-preview":"max-image-preview:large","max-video-preview":"max-video-preview:-1"},"canonical":"https:\/\/its-norway.no\/en\/sok-stotte-fra-innovasjon-norge-og-bli-med-pa-nordic-paviljong-i-birminhgam-2027\/","og_locale":"en_US","og_type":"article","og_title":"S\u00f8k st\u00f8tte fra Innovasjon Norge og bli med p\u00e5 Nordic+ paviljong i Birminhgam 2027 - ITS Norway","og_description":"25.\u201329. oktober 2027 samler ITS World Congress rundt 15 000 deltakere, over 530 utstillere og akt\u00f8rer fra mer enn 100...","og_url":"https:\/\/its-norway.no\/en\/sok-stotte-fra-innovasjon-norge-og-bli-med-pa-nordic-paviljong-i-birminhgam-2027\/","og_site_name":"ITS Norway","article_published_time":"2026-08-31T11:42:15+00:00","article_modified_time":"2026-08-31T11:43:55+00:00","og_image":[{"width":1920,"height":1440,"url":"https:\/\/its-norway.no\/wp-content\/uploads\/2026\/08\/Intertraffic-pavilion-1.jpeg","type":"image\/jpeg"}],"author":"Jenny Simonsen","twitter_card":"summary_large_image","twitter_misc":{"Written by":"Jenny Simonsen","Est. reading time":"2 minutes"},"schema":{"@context":"https:\/\/schema.org","@graph":[{"@type":"Article","@id":"https:\/\/its-norway.no\/en\/sok-stotte-fra-innovasjon-norge-og-bli-med-pa-nordic-paviljong-i-birminhgam-2027\/#article","isPartOf":{"@id":"https:\/\/its-norway.no\/en\/sok-stotte-fra-innovasjon-norge-og-bli-med-pa-nordic-paviljong-i-birminhgam-2027\/"},"author":{"name":"Jenny Simonsen","@id":"https:\/\/its-norway.no\/en\/#\/schema\/person\/44e076ce09417b16d1d8a97a47770e10"},"headline":"S\u00f8k st\u00f8tte fra Innovasjon Norge og bli med p\u00e5 Nordic+ paviljong i Birminhgam 2027","datePublished":"2026-08-31T11:42:15+00:00","dateModified":"2026-08-31T11:43:55+00:00","mainEntityOfPage":{"@id":"https:\/\/its-norway.no\/en\/sok-stotte-fra-innovasjon-norge-og-bli-med-pa-nordic-paviljong-i-birminhgam-2027\/"},"wordCount":307,"image":{"@id":"https:\/\/its-norway.no\/en\/sok-stotte-fra-innovasjon-norge-og-bli-med-pa-nordic-paviljong-i-birminhgam-2027\/#primaryimage"},"thumbnailUrl":"https:\/\/its-norway.no\/wp-content\/uploads\/2026\/08\/Intertraffic-pavilion-1.jpeg","articleSection":["Uncategorized @no"],"inLanguage":"en-US"},{"@type":"WebPage","@id":"https:\/\/its-norway.no\/en\/sok-stotte-fra-innovasjon-norge-og-bli-med-pa-nordic-paviljong-i-birminhgam-2027\/","url":"https:\/\/its-norway.no\/en\/sok-stotte-fra-innovasjon-norge-og-bli-med-pa-nordic-paviljong-i-birminhgam-2027\/","name":"S\u00f8k st\u00f8tte fra Innovasjon Norge og bli med p\u00e5 Nordic+ paviljong i Birminhgam 2027 - ITS Norway","isPartOf":{"@id":"https:\/\/its-norway.no\/en\/#website"},"primaryImageOfPage":{"@id":"https:\/\/its-norway.no\/en\/sok-stotte-fra-innovasjon-norge-og-bli-med-pa-nordic-paviljong-i-birminhgam-2027\/#primaryimage"},"image":{"@id":"https:\/\/its-norway.no\/en\/sok-stotte-fra-innovasjon-norge-og-bli-med-pa-nordic-paviljong-i-birminhgam-2027\/#primaryimage"},"thumbnailUrl":"https:\/\/its-norway.no\/wp-content\/uploads\/2026\/08\/Intertraffic-pavilion-1.jpeg","datePublished":"2026-08-31T11:42:15+00:00","dateModified":"2026-08-31T11:43:55+00:00","author":{"@id":"https:\/\/its-norway.no\/en\/#\/schema\/person\/44e076ce09417b16d1d8a97a47770e10"},"breadcrumb":{"@id":"https:\/\/its-norway.no\/en\/sok-stotte-fra-innovasjon-norge-og-bli-med-pa-nordic-paviljong-i-birminhgam-2027\/#breadcrumb"},"inLanguage":"en-US","potentialAction":[{"@type":"ReadAction","target":["https:\/\/its-norway.no\/en\/sok-stotte-fra-innovasjon-norge-og-bli-med-pa-nordic-paviljong-i-birminhgam-2027\/"]}]},{"@type":"ImageObject","inLanguage":"en-US","@id":"https:\/\/its-norway.no\/en\/sok-stotte-fra-innovasjon-norge-og-bli-med-pa-nordic-paviljong-i-birminhgam-2027\/#primaryimage","url":"https:\/\/its-norway.no\/wp-content\/uploads\/2026\/08\/Intertraffic-pavilion-1.jpeg","contentUrl":"https:\/\/its-norway.no\/wp-content\/uploads\/2026\/08\/Intertraffic-pavilion-1.jpeg","width":1920,"height":1440},{"@type":"BreadcrumbList","@id":"https:\/\/its-norway.no\/en\/sok-stotte-fra-innovasjon-norge-og-bli-med-pa-nordic-paviljong-i-birminhgam-2027\/#breadcrumb","itemListElement":[{"@type":"ListItem","position":1,"name":"Home","item":"https:\/\/its-norway.no\/en\/"},{"@type":"ListItem","position":2,"name":"Aktuelt"}]},{"@type":"WebSite","@id":"https:\/\/its-norway.no\/en\/#website","url":"https:\/\/its-norway.no\/en\/","name":"ITS Norway","description":"Intelligente transportsystemer","potentialAction":[{"@type":"SearchAction","target":{"@type":"EntryPoint","urlTemplate":"https:\/\/its-norway.no\/en\/?s={search_term_string}"},"query-input":{"@type":"PropertyValueSpecification","valueRequired":true,"valueName":"search_term_string"}}],"inLanguage":"en-US"},{"@type":"Person","@id":"https:\/\/its-norway.no\/en\/#\/schema\/person\/44e076ce09417b16d1d8a97a47770e10","name":"Jenny Simonsen","image":{"@type":"ImageObject","inLanguage":"en-US","@id":"https:\/\/secure.gravatar.com\/avatar\/c0c99579f855902e647fdcd4eaf12ab55cc8a5dc8ff57dad3c864687967c9957?s=96&d=mm&r=g","url":"https:\/\/secure.gravatar.com\/avatar\/c0c99579f855902e647fdcd4eaf12ab55cc8a5dc8ff57dad3c864687967c9957?s=96&d=mm&r=g","contentUrl":"https:\/\/secure.gravatar.com\/avatar\/c0c99579f855902e647fdcd4eaf12ab55cc8a5dc8ff57dad3c864687967c9957?s=96&d=mm&r=g","caption":"Jenny Simonsen"}}]}},"_links":{"self":[{"href":"https:\/\/its-norway.no\/en\/wp-json\/wp\/v2\/posts\/12823","targetHints":{"allow":["GET"]}}],"collection":[{"href":"https:\/\/its-norway.no\/en\/wp-json\/wp\/v2\/posts"}],"about":[{"href":"https:\/\/its-norway.no\/en\/wp-json\/wp\/v2\/types\/post"}],"author":[{"embeddable":true,"href":"https:\/\/its-norway.no\/en\/wp-json\/wp\/v2\/users\/3"}],"replies":[{"embeddable":true,"href":"https:\/\/its-norway.no\/en\/wp-json\/wp\/v2\/comments?post=12823"}],"version-history":[{"count":2,"href":"https:\/\/its-norway.no\/en\/wp-json\/wp\/v2\/posts\/12823\/revisions"}],"predecessor-version":[{"id":12828,"href":"https:\/\/its-norway.no\/en\/wp-json\/wp\/v2\/posts\/12823\/revisions\/12828"}],"wp:featuredmedia":[{"embeddable":true,"href":"https:\/\/its-norway.no\/en\/wp-json\/wp\/v2\/media\/12824"}],"wp:attachment":[{"href":"https:\/\/its-norway.no\/en\/wp-json\/wp\/v2\/media?parent=12823"}],"wp:term":[{"taxonomy":"category","embeddable":true,"href":"https:\/\/its-norway.no\/en\/wp-json\/wp\/v2\/categories?post=12823"},{"taxonomy":"post_tag","embeddable":true,"href":"https:\/\/its-norway.no\/en\/wp-json\/wp\/v2\/tags?post=12823"}],"curies":[{"name":"wp","href":"https:\/\/api.w.org\/{rel}","templated":true}]}}