{"id":12829,"date":"2026-09-02T08:35:00","date_gmt":"2026-09-02T06:35:00","guid":{"rendered":"https:\/\/its-norway.no\/?p=12829"},"modified":"2026-09-02T08:35:30","modified_gmt":"2026-09-02T06:35:30","slug":"innlandet-fylkeskommune-blir-partner-i-its-norway","status":"publish","type":"post","link":"https:\/\/its-norway.no\/en\/innlandet-fylkeskommune-blir-partner-i-its-norway\/","title":{"rendered":"Innlandet fylkeskommune blir partner i ITS Norway"},"content":{"rendered":"\n<p>Vi er sv\u00e6rt glade for \u00e5 \u00f8nske Innlandet fylkeskommune velkommen som ny partner i ITS Norway.<\/p>\n\n\n\n<p>Samferdselsomr\u00e5det i Innlandet fylkeskommune har rundt <strong>240 medarbeidere<\/strong>, forvalter og drifter <strong>7 000 kilometer fylkesveg<\/strong> og har ansvar for <strong>kollektivtransporten i Innlandet<\/strong>. Arbeidet spenner fra drift, vedlikehold og trafikksikkerhet til mobilitet, analyse, digitalisering, strategisk planlegging og samfunnsutvikling.<\/p>\n\n\n\n<p>For fylkeskommunen skal partnerskapet i ITS Norway v\u00e6re en arena for samarbeid, kunnskapsutvikling og innovasjon innen samferdsel.<\/p>\n\n\n\n<p><strong>\u2013 Vi ser p\u00e5 ITS Norway som en viktig arena for samarbeid, kunnskapsutvikling og innovasjon. Gjennom partnerskapet \u00f8nsker vi \u00e5 f\u00e5 tilgang til nasjonal og internasjonal kompetanse, utveksle erfaringer med andre offentlige og private akt\u00f8rer og delta i relevante nettverk og utviklingsprosjekter. Samtidig \u00f8nsker vi \u00e5 bruke samarbeidet til \u00e5 utforske og teste nye l\u00f8sninger som kan bidra til innovasjon og verdiskaping i Innlandet,<\/strong> sier Aud M. Riseng, samferdselssjef i Innlandet fylkeskommune.<\/p>\n\n\n\n<h3 class=\"wp-block-heading\">Data, digitalisering og nye l\u00f8sninger<\/h3>\n\n\n\n<p>Et viktig omr\u00e5de for samarbeidet blir <strong>data og digital infrastruktur<\/strong>. Innlandet fylkeskommune \u00f8nsker \u00e5 styrke arbeidet p\u00e5 dette omr\u00e5det og samtidig komme tettere p\u00e5 utviklingen av nye teknologier og l\u00f8sninger for transportsektoren.<\/p>\n\n\n\n<p>Gjennom ITS Norway f\u00e5r fylkeskommunen tilgang til et nettverk av offentlige myndigheter, transportakt\u00f8rer, teknologibedrifter, forskningsmilj\u00f8er og andre organisasjoner som arbeider med utviklingen av fremtidens transportsystem.<\/p>\n\n\n\n<p>Partnerskapet skal ogs\u00e5 gi flere muligheter for \u00e5 koble Innlandets behov og erfaringer mot nasjonale og internasjonale initiativer.<\/p>\n\n\n\n<p>\u2013 <strong>For oss handler dette ogs\u00e5 om \u00e5 styrke satsingen p\u00e5 internasjonale prosjekter. Vi \u00f8nsker \u00e5 utvikle gode samarbeidsprosjekter, finne nye finansieringsmuligheter og hente relevant kunnskap og l\u00f8sninger hjem til Innlandet,<\/strong> sier Riseng.<\/p>\n\n\n\n<h3 class=\"wp-block-heading\">Styrker det offentlige nettverket i ITS Norway<\/h3>\n\n\n\n<p>For ITS Norway er det sv\u00e6rt positivt \u00e5 f\u00e5 Innlandet fylkeskommune tettere inn i nettverket. Fylkeskommunene har en viktig rolle i omstillingen av transportsystemet \u2013 som vegeier, kollektivtransportmyndighet, innkj\u00f8per, samfunnsutvikler og arena for utpr\u00f8ving av nye l\u00f8sninger.<\/p>\n\n\n\n<p>Med Innlandet fylkeskommune p\u00e5 laget f\u00e5r ITS Norway en partner med ansvar for et stort og variert transportsystem og med ambisjoner om \u00e5 bruke samarbeid, digitalisering og innovasjon aktivt i den videre utviklingen av samferdselsomr\u00e5det.<\/p>\n\n\n\n<p><strong>Velkommen til ITS Norway, Innlandet fylkeskommune!<\/strong><\/p>\n","protected":false},"excerpt":{"rendered":"<p>Vi er sv\u00e6rt glade for \u00e5 \u00f8nske Innlandet fylkeskommune velkommen som ny partner i ITS Norway. Samferdselsomr\u00e5det i Innlandet fylkeskommune&#8230;<\/p>\n","protected":false},"author":12,"featured_media":12830,"comment_status":"closed","ping_status":"closed","sticky":false,"template":"","format":"standard","meta":{"_acf_changed":false,"footnotes":""},"categories":[1],"tags":[],"class_list":["post-12829","post","type-post","status-publish","format-standard","has-post-thumbnail","hentry","category-uncategorized-no"],"acf":{"image_format":"cover","position":"center","itsn_readtime":"","show_date":["Vis"],"featured_image_settings":{"size":"cover","position":"center"},"lead-text":"<p>Partnerskapet styrker nettverket med en sentral regional akt\u00f8r som har ansvar for b\u00e5de kollektivtransport, mobilitet og et omfattende fylkesvegnett.<\/p>\n","bottom_links":false},"yoast_head":"<!-- This site is optimized with the Yoast SEO plugin v28.0 - https:\/\/yoast.com\/product\/yoast-seo-wordpress\/ -->\n<title>Innlandet fylkeskommune blir partner i ITS Norway - ITS Norway<\/title>\n<meta name=\"robots\" content=\"index, follow, max-snippet:-1, max-image-preview:large, max-video-preview:-1\" \/>\n<link rel=\"canonical\" href=\"https:\/\/its-norway.no\/en\/innlandet-fylkeskommune-blir-partner-i-its-norway\/\" \/>\n<meta property=\"og:locale\" content=\"en_US\" \/>\n<meta property=\"og:type\" content=\"article\" \/>\n<meta property=\"og:title\" content=\"Innlandet fylkeskommune blir partner i ITS Norway - ITS Norway\" \/>\n<meta property=\"og:description\" content=\"Vi er sv\u00e6rt glade for \u00e5 \u00f8nske Innlandet fylkeskommune velkommen som ny partner i ITS Norway. Samferdselsomr\u00e5det i Innlandet fylkeskommune...\" \/>\n<meta property=\"og:url\" content=\"https:\/\/its-norway.no\/en\/innlandet-fylkeskommune-blir-partner-i-its-norway\/\" \/>\n<meta property=\"og:site_name\" content=\"ITS Norway\" \/>\n<meta property=\"article:published_time\" content=\"2026-09-02T06:35:00+00:00\" \/>\n<meta property=\"article:modified_time\" content=\"2026-09-02T06:35:30+00:00\" \/>\n<meta property=\"og:image\" content=\"https:\/\/its-norway.no\/wp-content\/uploads\/2026\/09\/IMG_2534.jpeg\" \/>\n\t<meta property=\"og:image:width\" content=\"1920\" \/>\n\t<meta property=\"og:image:height\" content=\"1280\" \/>\n\t<meta property=\"og:image:type\" content=\"image\/jpeg\" \/>\n<meta name=\"author\" content=\"Alv \u00d8idvin\" \/>\n<meta name=\"twitter:card\" content=\"summary_large_image\" \/>\n<meta name=\"twitter:label1\" content=\"Written by\" \/>\n\t<meta name=\"twitter:data1\" content=\"Alv \u00d8idvin\" \/>\n\t<meta name=\"twitter:label2\" content=\"Est. reading time\" \/>\n\t<meta name=\"twitter:data2\" content=\"3 minutes\" \/>\n<script type=\"application\/ld+json\" class=\"yoast-schema-graph\">{\"@context\":\"https:\\\/\\\/schema.org\",\"@graph\":[{\"@type\":\"Article\",\"@id\":\"https:\\\/\\\/its-norway.no\\\/en\\\/innlandet-fylkeskommune-blir-partner-i-its-norway\\\/#article\",\"isPartOf\":{\"@id\":\"https:\\\/\\\/its-norway.no\\\/en\\\/innlandet-fylkeskommune-blir-partner-i-its-norway\\\/\"},\"author\":{\"name\":\"Alv \u00d8idvin\",\"@id\":\"https:\\\/\\\/its-norway.no\\\/en\\\/#\\\/schema\\\/person\\\/20c394f8d20a4e1c5c7c6f02a9bc29b4\"},\"headline\":\"Innlandet fylkeskommune blir partner i ITS Norway\",\"datePublished\":\"2026-09-02T06:35:00+00:00\",\"dateModified\":\"2026-09-02T06:35:30+00:00\",\"mainEntityOfPage\":{\"@id\":\"https:\\\/\\\/its-norway.no\\\/en\\\/innlandet-fylkeskommune-blir-partner-i-its-norway\\\/\"},\"wordCount\":350,\"image\":{\"@id\":\"https:\\\/\\\/its-norway.no\\\/en\\\/innlandet-fylkeskommune-blir-partner-i-its-norway\\\/#primaryimage\"},\"thumbnailUrl\":\"https:\\\/\\\/its-norway.no\\\/wp-content\\\/uploads\\\/2026\\\/09\\\/IMG_2534.jpeg\",\"articleSection\":[\"Uncategorized @no\"],\"inLanguage\":\"en-US\"},{\"@type\":\"WebPage\",\"@id\":\"https:\\\/\\\/its-norway.no\\\/en\\\/innlandet-fylkeskommune-blir-partner-i-its-norway\\\/\",\"url\":\"https:\\\/\\\/its-norway.no\\\/en\\\/innlandet-fylkeskommune-blir-partner-i-its-norway\\\/\",\"name\":\"Innlandet fylkeskommune blir partner i ITS Norway - ITS Norway\",\"isPartOf\":{\"@id\":\"https:\\\/\\\/its-norway.no\\\/en\\\/#website\"},\"primaryImageOfPage\":{\"@id\":\"https:\\\/\\\/its-norway.no\\\/en\\\/innlandet-fylkeskommune-blir-partner-i-its-norway\\\/#primaryimage\"},\"image\":{\"@id\":\"https:\\\/\\\/its-norway.no\\\/en\\\/innlandet-fylkeskommune-blir-partner-i-its-norway\\\/#primaryimage\"},\"thumbnailUrl\":\"https:\\\/\\\/its-norway.no\\\/wp-content\\\/uploads\\\/2026\\\/09\\\/IMG_2534.jpeg\",\"datePublished\":\"2026-09-02T06:35:00+00:00\",\"dateModified\":\"2026-09-02T06:35:30+00:00\",\"author\":{\"@id\":\"https:\\\/\\\/its-norway.no\\\/en\\\/#\\\/schema\\\/person\\\/20c394f8d20a4e1c5c7c6f02a9bc29b4\"},\"breadcrumb\":{\"@id\":\"https:\\\/\\\/its-norway.no\\\/en\\\/innlandet-fylkeskommune-blir-partner-i-its-norway\\\/#breadcrumb\"},\"inLanguage\":\"en-US\",\"potentialAction\":[{\"@type\":\"ReadAction\",\"target\":[\"https:\\\/\\\/its-norway.no\\\/en\\\/innlandet-fylkeskommune-blir-partner-i-its-norway\\\/\"]}]},{\"@type\":\"ImageObject\",\"inLanguage\":\"en-US\",\"@id\":\"https:\\\/\\\/its-norway.no\\\/en\\\/innlandet-fylkeskommune-blir-partner-i-its-norway\\\/#primaryimage\",\"url\":\"https:\\\/\\\/its-norway.no\\\/wp-content\\\/uploads\\\/2026\\\/09\\\/IMG_2534.jpeg\",\"contentUrl\":\"https:\\\/\\\/its-norway.no\\\/wp-content\\\/uploads\\\/2026\\\/09\\\/IMG_2534.jpeg\",\"width\":1920,\"height\":1280},{\"@type\":\"BreadcrumbList\",\"@id\":\"https:\\\/\\\/its-norway.no\\\/en\\\/innlandet-fylkeskommune-blir-partner-i-its-norway\\\/#breadcrumb\",\"itemListElement\":[{\"@type\":\"ListItem\",\"position\":1,\"name\":\"Home\",\"item\":\"https:\\\/\\\/its-norway.no\\\/en\\\/\"},{\"@type\":\"ListItem\",\"position\":2,\"name\":\"Aktuelt\"}]},{\"@type\":\"WebSite\",\"@id\":\"https:\\\/\\\/its-norway.no\\\/en\\\/#website\",\"url\":\"https:\\\/\\\/its-norway.no\\\/en\\\/\",\"name\":\"ITS Norway\",\"description\":\"Intelligente transportsystemer\",\"potentialAction\":[{\"@type\":\"SearchAction\",\"target\":{\"@type\":\"EntryPoint\",\"urlTemplate\":\"https:\\\/\\\/its-norway.no\\\/en\\\/?s={search_term_string}\"},\"query-input\":{\"@type\":\"PropertyValueSpecification\",\"valueRequired\":true,\"valueName\":\"search_term_string\"}}],\"inLanguage\":\"en-US\"},{\"@type\":\"Person\",\"@id\":\"https:\\\/\\\/its-norway.no\\\/en\\\/#\\\/schema\\\/person\\\/20c394f8d20a4e1c5c7c6f02a9bc29b4\",\"name\":\"Alv \u00d8idvin\",\"image\":{\"@type\":\"ImageObject\",\"inLanguage\":\"en-US\",\"@id\":\"https:\\\/\\\/secure.gravatar.com\\\/avatar\\\/e56bd92dd762d296a5ff8d8b3d9d71a087c0b40289f5a411b8e638c51f0877b1?s=96&d=mm&r=g\",\"url\":\"https:\\\/\\\/secure.gravatar.com\\\/avatar\\\/e56bd92dd762d296a5ff8d8b3d9d71a087c0b40289f5a411b8e638c51f0877b1?s=96&d=mm&r=g\",\"contentUrl\":\"https:\\\/\\\/secure.gravatar.com\\\/avatar\\\/e56bd92dd762d296a5ff8d8b3d9d71a087c0b40289f5a411b8e638c51f0877b1?s=96&d=mm&r=g\",\"caption\":\"Alv \u00d8idvin\"}}]}<\/script>\n<!-- \/ Yoast SEO plugin. -->","yoast_head_json":{"title":"Innlandet fylkeskommune blir partner i ITS Norway - ITS Norway","robots":{"index":"index","follow":"follow","max-snippet":"max-snippet:-1","max-image-preview":"max-image-preview:large","max-video-preview":"max-video-preview:-1"},"canonical":"https:\/\/its-norway.no\/en\/innlandet-fylkeskommune-blir-partner-i-its-norway\/","og_locale":"en_US","og_type":"article","og_title":"Innlandet fylkeskommune blir partner i ITS Norway - ITS Norway","og_description":"Vi er sv\u00e6rt glade for \u00e5 \u00f8nske Innlandet fylkeskommune velkommen som ny partner i ITS Norway. Samferdselsomr\u00e5det i Innlandet fylkeskommune...","og_url":"https:\/\/its-norway.no\/en\/innlandet-fylkeskommune-blir-partner-i-its-norway\/","og_site_name":"ITS Norway","article_published_time":"2026-09-02T06:35:00+00:00","article_modified_time":"2026-09-02T06:35:30+00:00","og_image":[{"width":1920,"height":1280,"url":"https:\/\/its-norway.no\/wp-content\/uploads\/2026\/09\/IMG_2534.jpeg","type":"image\/jpeg"}],"author":"Alv \u00d8idvin","twitter_card":"summary_large_image","twitter_misc":{"Written by":"Alv \u00d8idvin","Est. reading time":"3 minutes"},"schema":{"@context":"https:\/\/schema.org","@graph":[{"@type":"Article","@id":"https:\/\/its-norway.no\/en\/innlandet-fylkeskommune-blir-partner-i-its-norway\/#article","isPartOf":{"@id":"https:\/\/its-norway.no\/en\/innlandet-fylkeskommune-blir-partner-i-its-norway\/"},"author":{"name":"Alv \u00d8idvin","@id":"https:\/\/its-norway.no\/en\/#\/schema\/person\/20c394f8d20a4e1c5c7c6f02a9bc29b4"},"headline":"Innlandet fylkeskommune blir partner i ITS Norway","datePublished":"2026-09-02T06:35:00+00:00","dateModified":"2026-09-02T06:35:30+00:00","mainEntityOfPage":{"@id":"https:\/\/its-norway.no\/en\/innlandet-fylkeskommune-blir-partner-i-its-norway\/"},"wordCount":350,"image":{"@id":"https:\/\/its-norway.no\/en\/innlandet-fylkeskommune-blir-partner-i-its-norway\/#primaryimage"},"thumbnailUrl":"https:\/\/its-norway.no\/wp-content\/uploads\/2026\/09\/IMG_2534.jpeg","articleSection":["Uncategorized @no"],"inLanguage":"en-US"},{"@type":"WebPage","@id":"https:\/\/its-norway.no\/en\/innlandet-fylkeskommune-blir-partner-i-its-norway\/","url":"https:\/\/its-norway.no\/en\/innlandet-fylkeskommune-blir-partner-i-its-norway\/","name":"Innlandet fylkeskommune blir partner i ITS Norway - ITS Norway","isPartOf":{"@id":"https:\/\/its-norway.no\/en\/#website"},"primaryImageOfPage":{"@id":"https:\/\/its-norway.no\/en\/innlandet-fylkeskommune-blir-partner-i-its-norway\/#primaryimage"},"image":{"@id":"https:\/\/its-norway.no\/en\/innlandet-fylkeskommune-blir-partner-i-its-norway\/#primaryimage"},"thumbnailUrl":"https:\/\/its-norway.no\/wp-content\/uploads\/2026\/09\/IMG_2534.jpeg","datePublished":"2026-09-02T06:35:00+00:00","dateModified":"2026-09-02T06:35:30+00:00","author":{"@id":"https:\/\/its-norway.no\/en\/#\/schema\/person\/20c394f8d20a4e1c5c7c6f02a9bc29b4"},"breadcrumb":{"@id":"https:\/\/its-norway.no\/en\/innlandet-fylkeskommune-blir-partner-i-its-norway\/#breadcrumb"},"inLanguage":"en-US","potentialAction":[{"@type":"ReadAction","target":["https:\/\/its-norway.no\/en\/innlandet-fylkeskommune-blir-partner-i-its-norway\/"]}]},{"@type":"ImageObject","inLanguage":"en-US","@id":"https:\/\/its-norway.no\/en\/innlandet-fylkeskommune-blir-partner-i-its-norway\/#primaryimage","url":"https:\/\/its-norway.no\/wp-content\/uploads\/2026\/09\/IMG_2534.jpeg","contentUrl":"https:\/\/its-norway.no\/wp-content\/uploads\/2026\/09\/IMG_2534.jpeg","width":1920,"height":1280},{"@type":"BreadcrumbList","@id":"https:\/\/its-norway.no\/en\/innlandet-fylkeskommune-blir-partner-i-its-norway\/#breadcrumb","itemListElement":[{"@type":"ListItem","position":1,"name":"Home","item":"https:\/\/its-norway.no\/en\/"},{"@type":"ListItem","position":2,"name":"Aktuelt"}]},{"@type":"WebSite","@id":"https:\/\/its-norway.no\/en\/#website","url":"https:\/\/its-norway.no\/en\/","name":"ITS Norway","description":"Intelligente transportsystemer","potentialAction":[{"@type":"SearchAction","target":{"@type":"EntryPoint","urlTemplate":"https:\/\/its-norway.no\/en\/?s={search_term_string}"},"query-input":{"@type":"PropertyValueSpecification","valueRequired":true,"valueName":"search_term_string"}}],"inLanguage":"en-US"},{"@type":"Person","@id":"https:\/\/its-norway.no\/en\/#\/schema\/person\/20c394f8d20a4e1c5c7c6f02a9bc29b4","name":"Alv \u00d8idvin","image":{"@type":"ImageObject","inLanguage":"en-US","@id":"https:\/\/secure.gravatar.com\/avatar\/e56bd92dd762d296a5ff8d8b3d9d71a087c0b40289f5a411b8e638c51f0877b1?s=96&d=mm&r=g","url":"https:\/\/secure.gravatar.com\/avatar\/e56bd92dd762d296a5ff8d8b3d9d71a087c0b40289f5a411b8e638c51f0877b1?s=96&d=mm&r=g","contentUrl":"https:\/\/secure.gravatar.com\/avatar\/e56bd92dd762d296a5ff8d8b3d9d71a087c0b40289f5a411b8e638c51f0877b1?s=96&d=mm&r=g","caption":"Alv \u00d8idvin"}}]}},"_links":{"self":[{"href":"https:\/\/its-norway.no\/en\/wp-json\/wp\/v2\/posts\/12829","targetHints":{"allow":["GET"]}}],"collection":[{"href":"https:\/\/its-norway.no\/en\/wp-json\/wp\/v2\/posts"}],"about":[{"href":"https:\/\/its-norway.no\/en\/wp-json\/wp\/v2\/types\/post"}],"author":[{"embeddable":true,"href":"https:\/\/its-norway.no\/en\/wp-json\/wp\/v2\/users\/12"}],"replies":[{"embeddable":true,"href":"https:\/\/its-norway.no\/en\/wp-json\/wp\/v2\/comments?post=12829"}],"version-history":[{"count":1,"href":"https:\/\/its-norway.no\/en\/wp-json\/wp\/v2\/posts\/12829\/revisions"}],"predecessor-version":[{"id":12831,"href":"https:\/\/its-norway.no\/en\/wp-json\/wp\/v2\/posts\/12829\/revisions\/12831"}],"wp:featuredmedia":[{"embeddable":true,"href":"https:\/\/its-norway.no\/en\/wp-json\/wp\/v2\/media\/12830"}],"wp:attachment":[{"href":"https:\/\/its-norway.no\/en\/wp-json\/wp\/v2\/media?parent=12829"}],"wp:term":[{"taxonomy":"category","embeddable":true,"href":"https:\/\/its-norway.no\/en\/wp-json\/wp\/v2\/categories?post=12829"},{"taxonomy":"post_tag","embeddable":true,"href":"https:\/\/its-norway.no\/en\/wp-json\/wp\/v2\/tags?post=12829"}],"curies":[{"name":"wp","href":"https:\/\/api.w.org\/{rel}","templated":true}]}}