{"id":12833,"date":"2026-09-02T08:33:00","date_gmt":"2026-09-02T06:33:00","guid":{"rendered":"https:\/\/its-norway.no\/?p=12833"},"modified":"2026-09-02T08:35:55","modified_gmt":"2026-09-02T06:35:55","slug":"einride-blir-medlem-i-its-norway","status":"publish","type":"post","link":"https:\/\/its-norway.no\/en\/einride-blir-medlem-i-its-norway\/","title":{"rendered":"Einride blir medlem i ITS Norway"},"content":{"rendered":"\n<p>Det svenske teknologiselskapet utvikler og opererer l\u00f8sninger for fremtidens godstransport, med elektriske og autonome lastebiler, ladeinfrastruktur og digitale l\u00f8sninger samlet i \u00e9n plattform. Einride er allerede i operativ drift med elektrisk godstransport i Norge, blant annet gjennom samarbeidet med PostNord.<\/p>\n\n\n\n<p>For ITS Norway er Einride samtidig langt fra en ny samarbeidspartner. Gjennom det EU-finansierte <strong><a href=\"https:\/\/its-norway.no\/prosjekter\/modi\/\">MODI-prosjektet<\/a><\/strong>, som koordineres av ITS Norway, har vi jobbet tett sammen siden 2022.<\/p>\n\n\n\n<p>I fjor sto Einrides autonome og elektriske kj\u00f8ret\u00f8y sentralt da MODI gjennomf\u00f8rte verdens f\u00f8rste f\u00f8rerl\u00f8se, autonome og elektriske grensepassering mellom Sverige og Norge \u2013 med digital tollbehandling og uten sikkerhetsf\u00f8rer om bord (l<a href=\"https:\/\/its-norway.no\/eu-prosjekt-modi-historisk-grensepassering-med-autonomt-kjoretoy-uten-sikkerhetsforer\/\">es mer her<\/a>).<\/p>\n\n\n\n<p>Med Einride som medlem styrker ITS Norway nettverket ytterligere innen autonom mobilitet, elektrifisering og digitalisering av godstransport. Sammen vil vi fortsette arbeidet med hvordan teknologi, infrastruktur, standarder og regelverk m\u00e5 utvikles for at autonome transportl\u00f8sninger skal kunne skaleres og tas i ordin\u00e6r bruk.<\/p>\n\n\n\n<blockquote class=\"wp-block-quote is-layout-flow wp-block-quote-is-layout-flow\">\n<p><em>Gjennom MODI har vi allerede hatt et tett og godt samarbeid med ITS Norway om noen av de viktigste utfordringene for autonom godstransport. Som medlem i ITS Norway ser vi frem til \u00e5 fortsette dette arbeidet og bidra med v\u00e5re erfaringer fra elektriske og autonome transportoperasjoner i Norge, Norden og internasjonalt<\/em>.<br><strong>Pia Wijk, Project Manager Research &amp; Innovation, Einride<\/strong><\/p>\n<\/blockquote>\n\n\n\n<p><\/p>\n","protected":false},"excerpt":{"rendered":"<p>Det svenske teknologiselskapet utvikler og opererer l\u00f8sninger for fremtidens godstransport, med elektriske og autonome lastebiler, ladeinfrastruktur og digitale l\u00f8sninger samlet&#8230;<\/p>\n","protected":false},"author":12,"featured_media":12834,"comment_status":"closed","ping_status":"closed","sticky":false,"template":"","format":"standard","meta":{"_acf_changed":false,"footnotes":""},"categories":[1],"tags":[],"class_list":["post-12833","post","type-post","status-publish","format-standard","has-post-thumbnail","hentry","category-uncategorized-no"],"acf":{"image_format":"cover","position":"center","itsn_readtime":"","show_date":["Vis"],"featured_image_settings":{"size":"cover","position":"center"},"lead-text":"<p>Fra tett samarbeid om autonom tungtransport i MODI til medlem i ITS Norway: Vi er sv\u00e6rt glade for \u00e5 \u00f8nske Einride velkommen inn i nettverket!<\/p>\n","bottom_links":false},"yoast_head":"<!-- This site is optimized with the Yoast SEO plugin v28.0 - https:\/\/yoast.com\/product\/yoast-seo-wordpress\/ -->\n<title>Einride blir medlem i ITS Norway - ITS Norway<\/title>\n<meta name=\"robots\" content=\"index, follow, max-snippet:-1, max-image-preview:large, max-video-preview:-1\" \/>\n<link rel=\"canonical\" href=\"https:\/\/its-norway.no\/en\/einride-blir-medlem-i-its-norway\/\" \/>\n<meta property=\"og:locale\" content=\"en_US\" \/>\n<meta property=\"og:type\" content=\"article\" \/>\n<meta property=\"og:title\" content=\"Einride blir medlem i ITS Norway - ITS Norway\" \/>\n<meta property=\"og:description\" content=\"Det svenske teknologiselskapet utvikler og opererer l\u00f8sninger for fremtidens godstransport, med elektriske og autonome lastebiler, ladeinfrastruktur og digitale l\u00f8sninger samlet...\" \/>\n<meta property=\"og:url\" content=\"https:\/\/its-norway.no\/en\/einride-blir-medlem-i-its-norway\/\" \/>\n<meta property=\"og:site_name\" content=\"ITS Norway\" \/>\n<meta property=\"article:published_time\" content=\"2026-09-02T06:33:00+00:00\" \/>\n<meta property=\"article:modified_time\" content=\"2026-09-02T06:35:55+00:00\" \/>\n<meta property=\"og:image\" content=\"https:\/\/its-norway.no\/wp-content\/uploads\/2026\/09\/Einride-Orje.jpg\" \/>\n\t<meta property=\"og:image:width\" content=\"1920\" \/>\n\t<meta property=\"og:image:height\" content=\"1280\" \/>\n\t<meta property=\"og:image:type\" content=\"image\/jpeg\" \/>\n<meta name=\"author\" content=\"Alv \u00d8idvin\" \/>\n<meta name=\"twitter:card\" content=\"summary_large_image\" \/>\n<meta name=\"twitter:label1\" content=\"Written by\" \/>\n\t<meta name=\"twitter:data1\" content=\"Alv \u00d8idvin\" \/>\n\t<meta name=\"twitter:label2\" content=\"Est. reading time\" \/>\n\t<meta name=\"twitter:data2\" content=\"1 minute\" \/>\n<script type=\"application\/ld+json\" class=\"yoast-schema-graph\">{\"@context\":\"https:\\\/\\\/schema.org\",\"@graph\":[{\"@type\":\"Article\",\"@id\":\"https:\\\/\\\/its-norway.no\\\/en\\\/einride-blir-medlem-i-its-norway\\\/#article\",\"isPartOf\":{\"@id\":\"https:\\\/\\\/its-norway.no\\\/en\\\/einride-blir-medlem-i-its-norway\\\/\"},\"author\":{\"name\":\"Alv \u00d8idvin\",\"@id\":\"https:\\\/\\\/its-norway.no\\\/en\\\/#\\\/schema\\\/person\\\/20c394f8d20a4e1c5c7c6f02a9bc29b4\"},\"headline\":\"Einride blir medlem i ITS Norway\",\"datePublished\":\"2026-09-02T06:33:00+00:00\",\"dateModified\":\"2026-09-02T06:35:55+00:00\",\"mainEntityOfPage\":{\"@id\":\"https:\\\/\\\/its-norway.no\\\/en\\\/einride-blir-medlem-i-its-norway\\\/\"},\"wordCount\":219,\"image\":{\"@id\":\"https:\\\/\\\/its-norway.no\\\/en\\\/einride-blir-medlem-i-its-norway\\\/#primaryimage\"},\"thumbnailUrl\":\"https:\\\/\\\/its-norway.no\\\/wp-content\\\/uploads\\\/2026\\\/09\\\/Einride-Orje.jpg\",\"articleSection\":[\"Uncategorized @no\"],\"inLanguage\":\"en-US\"},{\"@type\":\"WebPage\",\"@id\":\"https:\\\/\\\/its-norway.no\\\/en\\\/einride-blir-medlem-i-its-norway\\\/\",\"url\":\"https:\\\/\\\/its-norway.no\\\/en\\\/einride-blir-medlem-i-its-norway\\\/\",\"name\":\"Einride blir medlem i ITS Norway - ITS Norway\",\"isPartOf\":{\"@id\":\"https:\\\/\\\/its-norway.no\\\/en\\\/#website\"},\"primaryImageOfPage\":{\"@id\":\"https:\\\/\\\/its-norway.no\\\/en\\\/einride-blir-medlem-i-its-norway\\\/#primaryimage\"},\"image\":{\"@id\":\"https:\\\/\\\/its-norway.no\\\/en\\\/einride-blir-medlem-i-its-norway\\\/#primaryimage\"},\"thumbnailUrl\":\"https:\\\/\\\/its-norway.no\\\/wp-content\\\/uploads\\\/2026\\\/09\\\/Einride-Orje.jpg\",\"datePublished\":\"2026-09-02T06:33:00+00:00\",\"dateModified\":\"2026-09-02T06:35:55+00:00\",\"author\":{\"@id\":\"https:\\\/\\\/its-norway.no\\\/en\\\/#\\\/schema\\\/person\\\/20c394f8d20a4e1c5c7c6f02a9bc29b4\"},\"breadcrumb\":{\"@id\":\"https:\\\/\\\/its-norway.no\\\/en\\\/einride-blir-medlem-i-its-norway\\\/#breadcrumb\"},\"inLanguage\":\"en-US\",\"potentialAction\":[{\"@type\":\"ReadAction\",\"target\":[\"https:\\\/\\\/its-norway.no\\\/en\\\/einride-blir-medlem-i-its-norway\\\/\"]}]},{\"@type\":\"ImageObject\",\"inLanguage\":\"en-US\",\"@id\":\"https:\\\/\\\/its-norway.no\\\/en\\\/einride-blir-medlem-i-its-norway\\\/#primaryimage\",\"url\":\"https:\\\/\\\/its-norway.no\\\/wp-content\\\/uploads\\\/2026\\\/09\\\/Einride-Orje.jpg\",\"contentUrl\":\"https:\\\/\\\/its-norway.no\\\/wp-content\\\/uploads\\\/2026\\\/09\\\/Einride-Orje.jpg\",\"width\":1920,\"height\":1280},{\"@type\":\"BreadcrumbList\",\"@id\":\"https:\\\/\\\/its-norway.no\\\/en\\\/einride-blir-medlem-i-its-norway\\\/#breadcrumb\",\"itemListElement\":[{\"@type\":\"ListItem\",\"position\":1,\"name\":\"Home\",\"item\":\"https:\\\/\\\/its-norway.no\\\/en\\\/\"},{\"@type\":\"ListItem\",\"position\":2,\"name\":\"Aktuelt\"}]},{\"@type\":\"WebSite\",\"@id\":\"https:\\\/\\\/its-norway.no\\\/en\\\/#website\",\"url\":\"https:\\\/\\\/its-norway.no\\\/en\\\/\",\"name\":\"ITS Norway\",\"description\":\"Intelligente transportsystemer\",\"potentialAction\":[{\"@type\":\"SearchAction\",\"target\":{\"@type\":\"EntryPoint\",\"urlTemplate\":\"https:\\\/\\\/its-norway.no\\\/en\\\/?s={search_term_string}\"},\"query-input\":{\"@type\":\"PropertyValueSpecification\",\"valueRequired\":true,\"valueName\":\"search_term_string\"}}],\"inLanguage\":\"en-US\"},{\"@type\":\"Person\",\"@id\":\"https:\\\/\\\/its-norway.no\\\/en\\\/#\\\/schema\\\/person\\\/20c394f8d20a4e1c5c7c6f02a9bc29b4\",\"name\":\"Alv \u00d8idvin\",\"image\":{\"@type\":\"ImageObject\",\"inLanguage\":\"en-US\",\"@id\":\"https:\\\/\\\/secure.gravatar.com\\\/avatar\\\/e56bd92dd762d296a5ff8d8b3d9d71a087c0b40289f5a411b8e638c51f0877b1?s=96&d=mm&r=g\",\"url\":\"https:\\\/\\\/secure.gravatar.com\\\/avatar\\\/e56bd92dd762d296a5ff8d8b3d9d71a087c0b40289f5a411b8e638c51f0877b1?s=96&d=mm&r=g\",\"contentUrl\":\"https:\\\/\\\/secure.gravatar.com\\\/avatar\\\/e56bd92dd762d296a5ff8d8b3d9d71a087c0b40289f5a411b8e638c51f0877b1?s=96&d=mm&r=g\",\"caption\":\"Alv \u00d8idvin\"}}]}<\/script>\n<!-- \/ Yoast SEO plugin. -->","yoast_head_json":{"title":"Einride blir medlem i ITS Norway - ITS Norway","robots":{"index":"index","follow":"follow","max-snippet":"max-snippet:-1","max-image-preview":"max-image-preview:large","max-video-preview":"max-video-preview:-1"},"canonical":"https:\/\/its-norway.no\/en\/einride-blir-medlem-i-its-norway\/","og_locale":"en_US","og_type":"article","og_title":"Einride blir medlem i ITS Norway - ITS Norway","og_description":"Det svenske teknologiselskapet utvikler og opererer l\u00f8sninger for fremtidens godstransport, med elektriske og autonome lastebiler, ladeinfrastruktur og digitale l\u00f8sninger samlet...","og_url":"https:\/\/its-norway.no\/en\/einride-blir-medlem-i-its-norway\/","og_site_name":"ITS Norway","article_published_time":"2026-09-02T06:33:00+00:00","article_modified_time":"2026-09-02T06:35:55+00:00","og_image":[{"width":1920,"height":1280,"url":"https:\/\/its-norway.no\/wp-content\/uploads\/2026\/09\/Einride-Orje.jpg","type":"image\/jpeg"}],"author":"Alv \u00d8idvin","twitter_card":"summary_large_image","twitter_misc":{"Written by":"Alv \u00d8idvin","Est. reading time":"1 minute"},"schema":{"@context":"https:\/\/schema.org","@graph":[{"@type":"Article","@id":"https:\/\/its-norway.no\/en\/einride-blir-medlem-i-its-norway\/#article","isPartOf":{"@id":"https:\/\/its-norway.no\/en\/einride-blir-medlem-i-its-norway\/"},"author":{"name":"Alv \u00d8idvin","@id":"https:\/\/its-norway.no\/en\/#\/schema\/person\/20c394f8d20a4e1c5c7c6f02a9bc29b4"},"headline":"Einride blir medlem i ITS Norway","datePublished":"2026-09-02T06:33:00+00:00","dateModified":"2026-09-02T06:35:55+00:00","mainEntityOfPage":{"@id":"https:\/\/its-norway.no\/en\/einride-blir-medlem-i-its-norway\/"},"wordCount":219,"image":{"@id":"https:\/\/its-norway.no\/en\/einride-blir-medlem-i-its-norway\/#primaryimage"},"thumbnailUrl":"https:\/\/its-norway.no\/wp-content\/uploads\/2026\/09\/Einride-Orje.jpg","articleSection":["Uncategorized @no"],"inLanguage":"en-US"},{"@type":"WebPage","@id":"https:\/\/its-norway.no\/en\/einride-blir-medlem-i-its-norway\/","url":"https:\/\/its-norway.no\/en\/einride-blir-medlem-i-its-norway\/","name":"Einride blir medlem i ITS Norway - ITS Norway","isPartOf":{"@id":"https:\/\/its-norway.no\/en\/#website"},"primaryImageOfPage":{"@id":"https:\/\/its-norway.no\/en\/einride-blir-medlem-i-its-norway\/#primaryimage"},"image":{"@id":"https:\/\/its-norway.no\/en\/einride-blir-medlem-i-its-norway\/#primaryimage"},"thumbnailUrl":"https:\/\/its-norway.no\/wp-content\/uploads\/2026\/09\/Einride-Orje.jpg","datePublished":"2026-09-02T06:33:00+00:00","dateModified":"2026-09-02T06:35:55+00:00","author":{"@id":"https:\/\/its-norway.no\/en\/#\/schema\/person\/20c394f8d20a4e1c5c7c6f02a9bc29b4"},"breadcrumb":{"@id":"https:\/\/its-norway.no\/en\/einride-blir-medlem-i-its-norway\/#breadcrumb"},"inLanguage":"en-US","potentialAction":[{"@type":"ReadAction","target":["https:\/\/its-norway.no\/en\/einride-blir-medlem-i-its-norway\/"]}]},{"@type":"ImageObject","inLanguage":"en-US","@id":"https:\/\/its-norway.no\/en\/einride-blir-medlem-i-its-norway\/#primaryimage","url":"https:\/\/its-norway.no\/wp-content\/uploads\/2026\/09\/Einride-Orje.jpg","contentUrl":"https:\/\/its-norway.no\/wp-content\/uploads\/2026\/09\/Einride-Orje.jpg","width":1920,"height":1280},{"@type":"BreadcrumbList","@id":"https:\/\/its-norway.no\/en\/einride-blir-medlem-i-its-norway\/#breadcrumb","itemListElement":[{"@type":"ListItem","position":1,"name":"Home","item":"https:\/\/its-norway.no\/en\/"},{"@type":"ListItem","position":2,"name":"Aktuelt"}]},{"@type":"WebSite","@id":"https:\/\/its-norway.no\/en\/#website","url":"https:\/\/its-norway.no\/en\/","name":"ITS Norway","description":"Intelligente transportsystemer","potentialAction":[{"@type":"SearchAction","target":{"@type":"EntryPoint","urlTemplate":"https:\/\/its-norway.no\/en\/?s={search_term_string}"},"query-input":{"@type":"PropertyValueSpecification","valueRequired":true,"valueName":"search_term_string"}}],"inLanguage":"en-US"},{"@type":"Person","@id":"https:\/\/its-norway.no\/en\/#\/schema\/person\/20c394f8d20a4e1c5c7c6f02a9bc29b4","name":"Alv \u00d8idvin","image":{"@type":"ImageObject","inLanguage":"en-US","@id":"https:\/\/secure.gravatar.com\/avatar\/e56bd92dd762d296a5ff8d8b3d9d71a087c0b40289f5a411b8e638c51f0877b1?s=96&d=mm&r=g","url":"https:\/\/secure.gravatar.com\/avatar\/e56bd92dd762d296a5ff8d8b3d9d71a087c0b40289f5a411b8e638c51f0877b1?s=96&d=mm&r=g","contentUrl":"https:\/\/secure.gravatar.com\/avatar\/e56bd92dd762d296a5ff8d8b3d9d71a087c0b40289f5a411b8e638c51f0877b1?s=96&d=mm&r=g","caption":"Alv \u00d8idvin"}}]}},"_links":{"self":[{"href":"https:\/\/its-norway.no\/en\/wp-json\/wp\/v2\/posts\/12833","targetHints":{"allow":["GET"]}}],"collection":[{"href":"https:\/\/its-norway.no\/en\/wp-json\/wp\/v2\/posts"}],"about":[{"href":"https:\/\/its-norway.no\/en\/wp-json\/wp\/v2\/types\/post"}],"author":[{"embeddable":true,"href":"https:\/\/its-norway.no\/en\/wp-json\/wp\/v2\/users\/12"}],"replies":[{"embeddable":true,"href":"https:\/\/its-norway.no\/en\/wp-json\/wp\/v2\/comments?post=12833"}],"version-history":[{"count":2,"href":"https:\/\/its-norway.no\/en\/wp-json\/wp\/v2\/posts\/12833\/revisions"}],"predecessor-version":[{"id":12849,"href":"https:\/\/its-norway.no\/en\/wp-json\/wp\/v2\/posts\/12833\/revisions\/12849"}],"wp:featuredmedia":[{"embeddable":true,"href":"https:\/\/its-norway.no\/en\/wp-json\/wp\/v2\/media\/12834"}],"wp:attachment":[{"href":"https:\/\/its-norway.no\/en\/wp-json\/wp\/v2\/media?parent=12833"}],"wp:term":[{"taxonomy":"category","embeddable":true,"href":"https:\/\/its-norway.no\/en\/wp-json\/wp\/v2\/categories?post=12833"},{"taxonomy":"post_tag","embeddable":true,"href":"https:\/\/its-norway.no\/en\/wp-json\/wp\/v2\/tags?post=12833"}],"curies":[{"name":"wp","href":"https:\/\/api.w.org\/{rel}","templated":true}]}}