{"id":12837,"date":"2026-09-01T14:44:49","date_gmt":"2026-09-01T12:44:49","guid":{"rendered":"https:\/\/its-norway.no\/?p=12837"},"modified":"2026-09-02T08:31:55","modified_gmt":"2026-09-02T06:31:55","slug":"gard-blir-medlem-i-its-norway","status":"publish","type":"post","link":"https:\/\/its-norway.no\/en\/gard-blir-medlem-i-its-norway\/","title":{"rendered":"Gard blir medlem i ITS Norway"},"content":{"rendered":"\n<p>Gard er et av verdens st\u00f8rste maritime forsikringsselskaper innen P&amp;I-, marine- og energiforsikring. Gjennom sin globale virksomhet arbeider selskapet tett med rederier, offshoreoperat\u00f8rer og andre maritime akt\u00f8rer med blant annet <strong>risikostyring, skadeforebygging, sikkerhetskultur og kompetansedeling<\/strong>.<\/p>\n\n\n\n<p>Gard har v\u00e6rt medlem av NFAS helt siden forumet ble etablert i 2016, og har gjennom mange \u00e5r fulgt utviklingen av autonome og fjernstyrte maritime operasjoner. N\u00e5r NFAS n\u00e5 videref\u00f8res som en del av ITS Norway, blir det derfor naturlig for Gard \u00e5 bli med videre inn i det bredere nettverket.<\/p>\n\n\n\n<p><strong>\u2013 Vi ser overf\u00f8ringen av NFAS til ITS Norway som en naturlig videref\u00f8ring av et viktig norsk innovasjons- og kompetansemilj\u00f8. Gjennom medlemskapet \u00f8nsker vi \u00e5 bidra med v\u00e5re erfaringer innen risiko, sikkerhet, skadeforebygging, regelverksutvikling og forsikring, samtidig som vi \u00f8nsker \u00e5 l\u00e6re av og samarbeide tett med teknologiutviklere, forskningsmilj\u00f8er, myndigheter og andre akt\u00f8rer i nettverket,<\/strong> sier Jarle Fosen i Gard.<br><\/p>\n\n\n\n<p><\/p>\n\n\n\n<h3 class=\"wp-block-heading\">Sikkerhet i m\u00f8te med ny teknologi<\/h3>\n\n\n\n<p>Etter hvert som digitalisering, autonomi og fjernstyring f\u00e5r en st\u00f8rre rolle i maritim sektor, endres ogs\u00e5 risikobildet. For Gard er det derfor viktig \u00e5 forst\u00e5 hvordan ny teknologi p\u00e5virker b\u00e5de <strong>sikkerhet, ansvar og operasjonell robusthet<\/strong>, og hvordan nye l\u00f8sninger kan tas i bruk p\u00e5 en trygg og ansvarlig m\u00e5te.<\/p>\n\n\n\n<p>Gjennom sin Loss Prevention-virksomhet samarbeider Gard med medlemmer, myndigheter, forskningsmilj\u00f8er og industriakt\u00f8rer om \u00e5 forst\u00e5 fremtidens risiko og forebygge hendelser. Selskapet er ogs\u00e5 involvert i en rekke norske og internasjonale forsknings- og innovasjonsaktiviteter innen blant annet autonomi, digitalisering, sikkerhet og b\u00e6rekraft.<\/p>\n\n\n\n<p>Gard har blant annet v\u00e6rt industripartner i <strong>SFI Autoship<\/strong> og deltar i dag i initiativer som <strong>FME MarTrans<\/strong> og <strong>SFI SAINT<\/strong>. Internasjonalt deltar selskapet ogs\u00e5 aktivt gjennom <strong>The International Group of P&amp;I Clubs<\/strong>, hvor problemstillinger knyttet til autonome fart\u00f8y, ansvar, cyberrisiko og fremtidige regulatoriske rammeverk st\u00e5r p\u00e5 agendaen.<br> <\/p>\n\n\n\n<p><\/p>\n\n\n\n<h3 class=\"wp-block-heading\">Et bredere maritimt samarbeid<\/h3>\n\n\n\n<p>For Gard handler medlemskapet i ITS Norway og engasjementet i <strong>Maritim ITS<\/strong> om mer enn autonome skip. Utviklingen av fremtidens maritime transportsystem krever samarbeid mellom rederier, teknologileverand\u00f8rer, verft, myndigheter, forskningsmilj\u00f8er, klasseselskaper, forsikringsakt\u00f8rer og andre deler av den maritime verdikjeden.<\/p>\n\n\n\n<p>Dette er ogs\u00e5 et sentralt m\u00e5l n\u00e5r NFAS n\u00e5 blir en del av ITS Norway: \u00e5 bygge videre p\u00e5 det sterke fagmilj\u00f8et rundt autonom skipsfart, samtidig som aktivitetene kobles tettere til ITS Norways \u00f8vrige arbeid med <strong>maritim digitalisering, standardisering, intelligente transportsystemer og autonom mobilitet<\/strong>.<\/p>\n\n\n\n<p>For ITS Norway tilf\u00f8rer Gard viktig kompetanse om hvordan teknologiutvikling henger sammen med risiko, sikkerhet, ansvar og internasjonalt regelverk. Med virksomhet i en rekke land og kontakt med en stor del av den internasjonale maritime n\u00e6ringen, tilf\u00f8rer Gard samtidig et viktig globalt perspektiv til nettverket.<\/p>\n\n\n\n<p><strong>Vi ser frem til \u00e5 videref\u00f8re samarbeidet og \u00f8nsker Gard hjertelig velkommen til ITS Norway!<\/strong><\/p>\n","protected":false},"excerpt":{"rendered":"<p>Gard er et av verdens st\u00f8rste maritime forsikringsselskaper innen P&amp;I-, marine- og energiforsikring. Gjennom sin globale virksomhet arbeider selskapet tett&#8230;<\/p>\n","protected":false},"author":12,"featured_media":12838,"comment_status":"closed","ping_status":"closed","sticky":false,"template":"","format":"standard","meta":{"_acf_changed":false,"footnotes":""},"categories":[1],"tags":[],"class_list":["post-12837","post","type-post","status-publish","format-standard","has-post-thumbnail","hentry","category-uncategorized-no"],"acf":{"image_format":"cover","position":"center","itsn_readtime":"","show_date":["Vis"],"featured_image_settings":{"size":"cover","position":"center"},"lead-text":"<p>Medlemskapet kommer som en f\u00f8lge av at Norsk Forum for Autonome Skip (NFAS) blir en del av ITS Norway.<\/p>\n","bottom_links":false},"yoast_head":"<!-- This site is optimized with the Yoast SEO plugin v28.0 - https:\/\/yoast.com\/product\/yoast-seo-wordpress\/ -->\n<title>Gard blir medlem i ITS Norway - ITS Norway<\/title>\n<meta name=\"robots\" content=\"index, follow, max-snippet:-1, max-image-preview:large, max-video-preview:-1\" \/>\n<link rel=\"canonical\" href=\"https:\/\/its-norway.no\/en\/gard-blir-medlem-i-its-norway\/\" \/>\n<meta property=\"og:locale\" content=\"en_US\" \/>\n<meta property=\"og:type\" content=\"article\" \/>\n<meta property=\"og:title\" content=\"Gard blir medlem i ITS Norway - ITS Norway\" \/>\n<meta property=\"og:description\" content=\"Gard er et av verdens st\u00f8rste maritime forsikringsselskaper innen P&amp;I-, marine- og energiforsikring. Gjennom sin globale virksomhet arbeider selskapet tett...\" \/>\n<meta property=\"og:url\" content=\"https:\/\/its-norway.no\/en\/gard-blir-medlem-i-its-norway\/\" \/>\n<meta property=\"og:site_name\" content=\"ITS Norway\" \/>\n<meta property=\"article:published_time\" content=\"2026-09-01T12:44:49+00:00\" \/>\n<meta property=\"article:modified_time\" content=\"2026-09-02T06:31:55+00:00\" \/>\n<meta property=\"og:image\" content=\"https:\/\/its-norway.no\/wp-content\/uploads\/2026\/09\/Gard.png\" \/>\n\t<meta property=\"og:image:width\" content=\"1920\" \/>\n\t<meta property=\"og:image:height\" content=\"1080\" \/>\n\t<meta property=\"og:image:type\" content=\"image\/png\" \/>\n<meta name=\"author\" content=\"Alv \u00d8idvin\" \/>\n<meta name=\"twitter:card\" content=\"summary_large_image\" \/>\n<meta name=\"twitter:label1\" content=\"Written by\" \/>\n\t<meta name=\"twitter:data1\" content=\"Alv \u00d8idvin\" \/>\n\t<meta name=\"twitter:label2\" content=\"Est. reading time\" \/>\n\t<meta name=\"twitter:data2\" content=\"3 minutes\" \/>\n<script type=\"application\/ld+json\" class=\"yoast-schema-graph\">{\"@context\":\"https:\\\/\\\/schema.org\",\"@graph\":[{\"@type\":\"Article\",\"@id\":\"https:\\\/\\\/its-norway.no\\\/en\\\/gard-blir-medlem-i-its-norway\\\/#article\",\"isPartOf\":{\"@id\":\"https:\\\/\\\/its-norway.no\\\/en\\\/gard-blir-medlem-i-its-norway\\\/\"},\"author\":{\"name\":\"Alv \u00d8idvin\",\"@id\":\"https:\\\/\\\/its-norway.no\\\/en\\\/#\\\/schema\\\/person\\\/20c394f8d20a4e1c5c7c6f02a9bc29b4\"},\"headline\":\"Gard blir medlem i ITS Norway\",\"datePublished\":\"2026-09-01T12:44:49+00:00\",\"dateModified\":\"2026-09-02T06:31:55+00:00\",\"mainEntityOfPage\":{\"@id\":\"https:\\\/\\\/its-norway.no\\\/en\\\/gard-blir-medlem-i-its-norway\\\/\"},\"wordCount\":473,\"image\":{\"@id\":\"https:\\\/\\\/its-norway.no\\\/en\\\/gard-blir-medlem-i-its-norway\\\/#primaryimage\"},\"thumbnailUrl\":\"https:\\\/\\\/its-norway.no\\\/wp-content\\\/uploads\\\/2026\\\/09\\\/Gard.png\",\"articleSection\":[\"Uncategorized @no\"],\"inLanguage\":\"en-US\"},{\"@type\":\"WebPage\",\"@id\":\"https:\\\/\\\/its-norway.no\\\/en\\\/gard-blir-medlem-i-its-norway\\\/\",\"url\":\"https:\\\/\\\/its-norway.no\\\/en\\\/gard-blir-medlem-i-its-norway\\\/\",\"name\":\"Gard blir medlem i ITS Norway - ITS Norway\",\"isPartOf\":{\"@id\":\"https:\\\/\\\/its-norway.no\\\/en\\\/#website\"},\"primaryImageOfPage\":{\"@id\":\"https:\\\/\\\/its-norway.no\\\/en\\\/gard-blir-medlem-i-its-norway\\\/#primaryimage\"},\"image\":{\"@id\":\"https:\\\/\\\/its-norway.no\\\/en\\\/gard-blir-medlem-i-its-norway\\\/#primaryimage\"},\"thumbnailUrl\":\"https:\\\/\\\/its-norway.no\\\/wp-content\\\/uploads\\\/2026\\\/09\\\/Gard.png\",\"datePublished\":\"2026-09-01T12:44:49+00:00\",\"dateModified\":\"2026-09-02T06:31:55+00:00\",\"author\":{\"@id\":\"https:\\\/\\\/its-norway.no\\\/en\\\/#\\\/schema\\\/person\\\/20c394f8d20a4e1c5c7c6f02a9bc29b4\"},\"breadcrumb\":{\"@id\":\"https:\\\/\\\/its-norway.no\\\/en\\\/gard-blir-medlem-i-its-norway\\\/#breadcrumb\"},\"inLanguage\":\"en-US\",\"potentialAction\":[{\"@type\":\"ReadAction\",\"target\":[\"https:\\\/\\\/its-norway.no\\\/en\\\/gard-blir-medlem-i-its-norway\\\/\"]}]},{\"@type\":\"ImageObject\",\"inLanguage\":\"en-US\",\"@id\":\"https:\\\/\\\/its-norway.no\\\/en\\\/gard-blir-medlem-i-its-norway\\\/#primaryimage\",\"url\":\"https:\\\/\\\/its-norway.no\\\/wp-content\\\/uploads\\\/2026\\\/09\\\/Gard.png\",\"contentUrl\":\"https:\\\/\\\/its-norway.no\\\/wp-content\\\/uploads\\\/2026\\\/09\\\/Gard.png\",\"width\":1920,\"height\":1080},{\"@type\":\"BreadcrumbList\",\"@id\":\"https:\\\/\\\/its-norway.no\\\/en\\\/gard-blir-medlem-i-its-norway\\\/#breadcrumb\",\"itemListElement\":[{\"@type\":\"ListItem\",\"position\":1,\"name\":\"Home\",\"item\":\"https:\\\/\\\/its-norway.no\\\/en\\\/\"},{\"@type\":\"ListItem\",\"position\":2,\"name\":\"Aktuelt\"}]},{\"@type\":\"WebSite\",\"@id\":\"https:\\\/\\\/its-norway.no\\\/en\\\/#website\",\"url\":\"https:\\\/\\\/its-norway.no\\\/en\\\/\",\"name\":\"ITS Norway\",\"description\":\"Intelligente transportsystemer\",\"potentialAction\":[{\"@type\":\"SearchAction\",\"target\":{\"@type\":\"EntryPoint\",\"urlTemplate\":\"https:\\\/\\\/its-norway.no\\\/en\\\/?s={search_term_string}\"},\"query-input\":{\"@type\":\"PropertyValueSpecification\",\"valueRequired\":true,\"valueName\":\"search_term_string\"}}],\"inLanguage\":\"en-US\"},{\"@type\":\"Person\",\"@id\":\"https:\\\/\\\/its-norway.no\\\/en\\\/#\\\/schema\\\/person\\\/20c394f8d20a4e1c5c7c6f02a9bc29b4\",\"name\":\"Alv \u00d8idvin\",\"image\":{\"@type\":\"ImageObject\",\"inLanguage\":\"en-US\",\"@id\":\"https:\\\/\\\/secure.gravatar.com\\\/avatar\\\/e56bd92dd762d296a5ff8d8b3d9d71a087c0b40289f5a411b8e638c51f0877b1?s=96&d=mm&r=g\",\"url\":\"https:\\\/\\\/secure.gravatar.com\\\/avatar\\\/e56bd92dd762d296a5ff8d8b3d9d71a087c0b40289f5a411b8e638c51f0877b1?s=96&d=mm&r=g\",\"contentUrl\":\"https:\\\/\\\/secure.gravatar.com\\\/avatar\\\/e56bd92dd762d296a5ff8d8b3d9d71a087c0b40289f5a411b8e638c51f0877b1?s=96&d=mm&r=g\",\"caption\":\"Alv \u00d8idvin\"}}]}<\/script>\n<!-- \/ Yoast SEO plugin. -->","yoast_head_json":{"title":"Gard blir medlem i ITS Norway - ITS Norway","robots":{"index":"index","follow":"follow","max-snippet":"max-snippet:-1","max-image-preview":"max-image-preview:large","max-video-preview":"max-video-preview:-1"},"canonical":"https:\/\/its-norway.no\/en\/gard-blir-medlem-i-its-norway\/","og_locale":"en_US","og_type":"article","og_title":"Gard blir medlem i ITS Norway - ITS Norway","og_description":"Gard er et av verdens st\u00f8rste maritime forsikringsselskaper innen P&amp;I-, marine- og energiforsikring. Gjennom sin globale virksomhet arbeider selskapet tett...","og_url":"https:\/\/its-norway.no\/en\/gard-blir-medlem-i-its-norway\/","og_site_name":"ITS Norway","article_published_time":"2026-09-01T12:44:49+00:00","article_modified_time":"2026-09-02T06:31:55+00:00","og_image":[{"width":1920,"height":1080,"url":"https:\/\/its-norway.no\/wp-content\/uploads\/2026\/09\/Gard.png","type":"image\/png"}],"author":"Alv \u00d8idvin","twitter_card":"summary_large_image","twitter_misc":{"Written by":"Alv \u00d8idvin","Est. reading time":"3 minutes"},"schema":{"@context":"https:\/\/schema.org","@graph":[{"@type":"Article","@id":"https:\/\/its-norway.no\/en\/gard-blir-medlem-i-its-norway\/#article","isPartOf":{"@id":"https:\/\/its-norway.no\/en\/gard-blir-medlem-i-its-norway\/"},"author":{"name":"Alv \u00d8idvin","@id":"https:\/\/its-norway.no\/en\/#\/schema\/person\/20c394f8d20a4e1c5c7c6f02a9bc29b4"},"headline":"Gard blir medlem i ITS Norway","datePublished":"2026-09-01T12:44:49+00:00","dateModified":"2026-09-02T06:31:55+00:00","mainEntityOfPage":{"@id":"https:\/\/its-norway.no\/en\/gard-blir-medlem-i-its-norway\/"},"wordCount":473,"image":{"@id":"https:\/\/its-norway.no\/en\/gard-blir-medlem-i-its-norway\/#primaryimage"},"thumbnailUrl":"https:\/\/its-norway.no\/wp-content\/uploads\/2026\/09\/Gard.png","articleSection":["Uncategorized @no"],"inLanguage":"en-US"},{"@type":"WebPage","@id":"https:\/\/its-norway.no\/en\/gard-blir-medlem-i-its-norway\/","url":"https:\/\/its-norway.no\/en\/gard-blir-medlem-i-its-norway\/","name":"Gard blir medlem i ITS Norway - ITS Norway","isPartOf":{"@id":"https:\/\/its-norway.no\/en\/#website"},"primaryImageOfPage":{"@id":"https:\/\/its-norway.no\/en\/gard-blir-medlem-i-its-norway\/#primaryimage"},"image":{"@id":"https:\/\/its-norway.no\/en\/gard-blir-medlem-i-its-norway\/#primaryimage"},"thumbnailUrl":"https:\/\/its-norway.no\/wp-content\/uploads\/2026\/09\/Gard.png","datePublished":"2026-09-01T12:44:49+00:00","dateModified":"2026-09-02T06:31:55+00:00","author":{"@id":"https:\/\/its-norway.no\/en\/#\/schema\/person\/20c394f8d20a4e1c5c7c6f02a9bc29b4"},"breadcrumb":{"@id":"https:\/\/its-norway.no\/en\/gard-blir-medlem-i-its-norway\/#breadcrumb"},"inLanguage":"en-US","potentialAction":[{"@type":"ReadAction","target":["https:\/\/its-norway.no\/en\/gard-blir-medlem-i-its-norway\/"]}]},{"@type":"ImageObject","inLanguage":"en-US","@id":"https:\/\/its-norway.no\/en\/gard-blir-medlem-i-its-norway\/#primaryimage","url":"https:\/\/its-norway.no\/wp-content\/uploads\/2026\/09\/Gard.png","contentUrl":"https:\/\/its-norway.no\/wp-content\/uploads\/2026\/09\/Gard.png","width":1920,"height":1080},{"@type":"BreadcrumbList","@id":"https:\/\/its-norway.no\/en\/gard-blir-medlem-i-its-norway\/#breadcrumb","itemListElement":[{"@type":"ListItem","position":1,"name":"Home","item":"https:\/\/its-norway.no\/en\/"},{"@type":"ListItem","position":2,"name":"Aktuelt"}]},{"@type":"WebSite","@id":"https:\/\/its-norway.no\/en\/#website","url":"https:\/\/its-norway.no\/en\/","name":"ITS Norway","description":"Intelligente transportsystemer","potentialAction":[{"@type":"SearchAction","target":{"@type":"EntryPoint","urlTemplate":"https:\/\/its-norway.no\/en\/?s={search_term_string}"},"query-input":{"@type":"PropertyValueSpecification","valueRequired":true,"valueName":"search_term_string"}}],"inLanguage":"en-US"},{"@type":"Person","@id":"https:\/\/its-norway.no\/en\/#\/schema\/person\/20c394f8d20a4e1c5c7c6f02a9bc29b4","name":"Alv \u00d8idvin","image":{"@type":"ImageObject","inLanguage":"en-US","@id":"https:\/\/secure.gravatar.com\/avatar\/e56bd92dd762d296a5ff8d8b3d9d71a087c0b40289f5a411b8e638c51f0877b1?s=96&d=mm&r=g","url":"https:\/\/secure.gravatar.com\/avatar\/e56bd92dd762d296a5ff8d8b3d9d71a087c0b40289f5a411b8e638c51f0877b1?s=96&d=mm&r=g","contentUrl":"https:\/\/secure.gravatar.com\/avatar\/e56bd92dd762d296a5ff8d8b3d9d71a087c0b40289f5a411b8e638c51f0877b1?s=96&d=mm&r=g","caption":"Alv \u00d8idvin"}}]}},"_links":{"self":[{"href":"https:\/\/its-norway.no\/en\/wp-json\/wp\/v2\/posts\/12837","targetHints":{"allow":["GET"]}}],"collection":[{"href":"https:\/\/its-norway.no\/en\/wp-json\/wp\/v2\/posts"}],"about":[{"href":"https:\/\/its-norway.no\/en\/wp-json\/wp\/v2\/types\/post"}],"author":[{"embeddable":true,"href":"https:\/\/its-norway.no\/en\/wp-json\/wp\/v2\/users\/12"}],"replies":[{"embeddable":true,"href":"https:\/\/its-norway.no\/en\/wp-json\/wp\/v2\/comments?post=12837"}],"version-history":[{"count":5,"href":"https:\/\/its-norway.no\/en\/wp-json\/wp\/v2\/posts\/12837\/revisions"}],"predecessor-version":[{"id":12843,"href":"https:\/\/its-norway.no\/en\/wp-json\/wp\/v2\/posts\/12837\/revisions\/12843"}],"wp:featuredmedia":[{"embeddable":true,"href":"https:\/\/its-norway.no\/en\/wp-json\/wp\/v2\/media\/12838"}],"wp:attachment":[{"href":"https:\/\/its-norway.no\/en\/wp-json\/wp\/v2\/media?parent=12837"}],"wp:term":[{"taxonomy":"category","embeddable":true,"href":"https:\/\/its-norway.no\/en\/wp-json\/wp\/v2\/categories?post=12837"},{"taxonomy":"post_tag","embeddable":true,"href":"https:\/\/its-norway.no\/en\/wp-json\/wp\/v2\/tags?post=12837"}],"curies":[{"name":"wp","href":"https:\/\/api.w.org\/{rel}","templated":true}]}}