{"id":12844,"date":"2026-09-02T08:34:00","date_gmt":"2026-09-02T06:34:00","guid":{"rendered":"https:\/\/its-norway.no\/?p=12844"},"modified":"2026-09-02T08:36:13","modified_gmt":"2026-09-02T06:36:13","slug":"norsk-forum-for-autonome-skip-gar-inn-i-its-norway","status":"publish","type":"post","link":"https:\/\/its-norway.no\/en\/norsk-forum-for-autonome-skip-gar-inn-i-its-norway\/","title":{"rendered":"Norsk Forum for Autonome Skip g\u00e5r inn i ITS Norway"},"content":{"rendered":"\n<figure class=\"wp-block-image size-full\"><a href=\"https:\/\/its-norway.no\/wp-content\/uploads\/2026\/09\/1787487040767.jpg\"><img loading=\"lazy\" decoding=\"async\" width=\"800\" height=\"144\" src=\"https:\/\/its-norway.no\/wp-content\/uploads\/2026\/09\/1787487040767.jpg\" alt=\"\" class=\"wp-image-12846\" srcset=\"https:\/\/its-norway.no\/wp-content\/uploads\/2026\/09\/1787487040767.jpg 800w, https:\/\/its-norway.no\/wp-content\/uploads\/2026\/09\/1787487040767-300x54.jpg 300w, https:\/\/its-norway.no\/wp-content\/uploads\/2026\/09\/1787487040767-768x138.jpg 768w, https:\/\/its-norway.no\/wp-content\/uploads\/2026\/09\/1787487040767-350x63.jpg 350w\" sizes=\"auto, (max-width: 800px) 100vw, 800px\" \/><\/a><\/figure>\n\n\n\n<p>Beslutningen ble vedtatt p\u00e5 NFAS sitt ekstraordin\u00e6re \u00e5rsm\u00f8te 18. august. M\u00e5let er \u00e5 videref\u00f8re det sterke fagmilj\u00f8et som er bygget opp gjennom NFAS, samtidig som arbeidet med autonome skip kobles enda tettere til ITS Norways aktiviteter innen maritim digitalisering, automasjon og intelligente transportsystemer.<\/p>\n\n\n\n<p>NFAS ble etablert i 2016 og har siden v\u00e6rt en viktig nasjonal og internasjonal arena for utviklingen av autonome skip. Forumet har samlet akt\u00f8rer fra industri, forskning og offentlig sektor, og har blant annet bygget opp et sterkt internasjonalt nettverk og sentrale m\u00f8teplasser innen fagomr\u00e5det.<\/p>\n\n\n\n<p>Samtidig har utviklingen de siste \u00e5rene gjort grensene mellom autonomi, automasjon, digitalisering og \u00f8vrige transportsystemer stadig mindre tydelige. Autonome skip m\u00e5 fungere som en del av et st\u00f8rre transportsystem, med koblinger til havner, logistikk, vei og bane \u2013 b\u00e5de teknisk, operasjonelt og regulatorisk.<\/p>\n\n\n\n<p>Det gj\u00f8r en tettere kobling mellom NFAS og ITS Norway naturlig.<\/p>\n\n\n\n<p><\/p>\n\n\n\n<h2 class=\"wp-block-heading\">Styrker ITS Norways maritime satsing<\/h2>\n\n\n\n<p>ITS Norway har allerede en omfattende aktivitet p\u00e5 maritim side og arbeider blant annet med digital samhandling mellom skip og land, standardisering, portanl\u00f8p, automatisering og autonome transportsystemer.<\/p>\n\n\n\n<p>Organisasjonen deltar ogs\u00e5 i flere norske og europeiske forsknings- og innovasjonsprosjekter innen maritim digitalisering og transport, og jobber aktivt med internasjonalt standardiseringsarbeid og utvikling av nye samarbeidsarenaer.<\/p>\n\n\n\n<p>Ved \u00e5 knytte NFAS tettere til ITS Norway blir dette milj\u00f8et ytterligere styrket.<\/p>\n\n\n\n<p>\u2013 <strong>Vi gleder oss til \u00e5 styrke det allerede gode samarbeidet. Vi ser s\u00e6rlig frem til synergiene med ekspertene p\u00e5 autonomi p\u00e5 vei og en enda tettere integrasjon med ITS Norways aktiviteter innen maritim ITS<\/strong>, sier \u00d8rnulf Jan R\u00f8dseth, leder for maritim ITS i ITS Norway og sentral i arbeidet med NFAS.<\/p>\n\n\n\n<p>ITS Norway arbeider p\u00e5 tvers av transportformene og samler akt\u00f8rer fra n\u00e6ringsliv, offentlig sektor, forskning og akademia. Koblingen gir dermed ogs\u00e5 nye muligheter for \u00e5 se autonom sj\u00f8transport i sammenheng med utviklingen innen automatisert mobilitet p\u00e5 land.<\/p>\n\n\n\n<p><\/p>\n\n\n\n<h2 class=\"wp-block-heading\">NFAS-navnet og aktivitetene videref\u00f8res<\/h2>\n\n\n\n<p>NFAS forsvinner ikke som f\u00f8lge av endringen. Navnet, de etablerte internasjonale aktivitetene og \u00f8vrige verdier knyttet til forumet videref\u00f8res, mens medlemsaktivitetene i hovedsak flyttes inn i ITS Norway.<\/p>\n\n\n\n<p>Ambisjonen er ogs\u00e5 \u00e5 videref\u00f8re m\u00f8teplassene NFAS har bygget opp, samtidig som aktivitetene i st\u00f8rre grad kan omfatte maritim digitalisering og automasjon i tillegg til autonomi.<\/p>\n\n\n\n<p>ITS Norway vil ogs\u00e5 arbeide for \u00e5 etablere nye nasjonale og europeiske prosjekter som kan st\u00f8tte aktivitetene, blant annet innen standardisering, autonomi og deltakelse i internasjonale prosesser.<\/p>\n\n\n\n<p><\/p>\n\n\n\n<h2 class=\"wp-block-heading\">Inviterer NFAS-medlemmene med videre<\/h2>\n\n\n\n<p>Dagens medlemmer i NFAS inviteres n\u00e5 til \u00e5 bli medlemmer i ITS Norway og dermed bli en del av det videre arbeidet.<\/p>\n\n\n\n<p>Som medlemmer f\u00e5r de tilgang til et bredere nasjonalt og internasjonalt nettverk, ITS Norways faglige m\u00f8teplasser og prosjekter, samt muligheter for samarbeid p\u00e5 tvers av maritim sektor og \u00f8vrige transportformer.<\/p>\n\n\n\n<p>Samtidig er m\u00e5let \u00e5 bevare det som har gjort NFAS til en viktig arena gjennom de siste ti \u00e5rene: et sterkt fagmilj\u00f8, korte avstander mellom akt\u00f8rene og et tydelig fokus p\u00e5 \u00e5 f\u00e5 ny teknologi fra utvikling til praktisk anvendelse.<\/p>\n\n\n\n<p><strong>Vi ser frem til \u00e5 bygge videre p\u00e5 dette sammen \u2013 og til \u00e5 styrke Norges posisjon innen autonom, digital og intelligent sj\u00f8transport.<\/strong><\/p>\n","protected":false},"excerpt":{"rendered":"<p>Beslutningen ble vedtatt p\u00e5 NFAS sitt ekstraordin\u00e6re \u00e5rsm\u00f8te 18. august. M\u00e5let er \u00e5 videref\u00f8re det sterke fagmilj\u00f8et som er bygget&#8230;<\/p>\n","protected":false},"author":12,"featured_media":9791,"comment_status":"closed","ping_status":"closed","sticky":false,"template":"","format":"standard","meta":{"_acf_changed":false,"footnotes":""},"categories":[1],"tags":[],"class_list":["post-12844","post","type-post","status-publish","format-standard","has-post-thumbnail","hentry","category-uncategorized-no"],"acf":{"image_format":"cover","position":"center","itsn_readtime":"","show_date":["Vis"],"featured_image_settings":{"size":"cover","position":"center"},"lead-text":"<p>Etter flere \u00e5r med tett samarbeid blir Norsk Forum for Autonome Skip (NFAS) en integrert del av ITS Norway.<\/p>\n","bottom_links":false},"yoast_head":"<!-- This site is optimized with the Yoast SEO plugin v28.0 - https:\/\/yoast.com\/product\/yoast-seo-wordpress\/ -->\n<title>Norsk Forum for Autonome Skip g\u00e5r inn i ITS Norway - ITS Norway<\/title>\n<meta name=\"robots\" content=\"index, follow, max-snippet:-1, max-image-preview:large, max-video-preview:-1\" \/>\n<link rel=\"canonical\" href=\"https:\/\/its-norway.no\/en\/norsk-forum-for-autonome-skip-gar-inn-i-its-norway\/\" \/>\n<meta property=\"og:locale\" content=\"en_US\" \/>\n<meta property=\"og:type\" content=\"article\" \/>\n<meta property=\"og:title\" content=\"Norsk Forum for Autonome Skip g\u00e5r inn i ITS Norway - ITS Norway\" \/>\n<meta property=\"og:description\" content=\"Beslutningen ble vedtatt p\u00e5 NFAS sitt ekstraordin\u00e6re \u00e5rsm\u00f8te 18. august. M\u00e5let er \u00e5 videref\u00f8re det sterke fagmilj\u00f8et som er bygget...\" \/>\n<meta property=\"og:url\" content=\"https:\/\/its-norway.no\/en\/norsk-forum-for-autonome-skip-gar-inn-i-its-norway\/\" \/>\n<meta property=\"og:site_name\" content=\"ITS Norway\" \/>\n<meta property=\"article:published_time\" content=\"2026-09-02T06:34:00+00:00\" \/>\n<meta property=\"article:modified_time\" content=\"2026-09-02T06:36:13+00:00\" \/>\n<meta property=\"og:image\" content=\"https:\/\/its-norway.no\/wp-content\/uploads\/2024\/08\/20230629-Foto-Knut-Neerland-6108-Edit.jpg\" \/>\n\t<meta property=\"og:image:width\" content=\"1920\" \/>\n\t<meta property=\"og:image:height\" content=\"1280\" \/>\n\t<meta property=\"og:image:type\" content=\"image\/jpeg\" \/>\n<meta name=\"author\" content=\"Alv \u00d8idvin\" \/>\n<meta name=\"twitter:card\" content=\"summary_large_image\" \/>\n<meta name=\"twitter:label1\" content=\"Written by\" \/>\n\t<meta name=\"twitter:data1\" content=\"Alv \u00d8idvin\" \/>\n\t<meta name=\"twitter:label2\" content=\"Est. reading time\" \/>\n\t<meta name=\"twitter:data2\" content=\"4 minutes\" \/>\n<script type=\"application\/ld+json\" class=\"yoast-schema-graph\">{\"@context\":\"https:\\\/\\\/schema.org\",\"@graph\":[{\"@type\":\"Article\",\"@id\":\"https:\\\/\\\/its-norway.no\\\/en\\\/norsk-forum-for-autonome-skip-gar-inn-i-its-norway\\\/#article\",\"isPartOf\":{\"@id\":\"https:\\\/\\\/its-norway.no\\\/en\\\/norsk-forum-for-autonome-skip-gar-inn-i-its-norway\\\/\"},\"author\":{\"name\":\"Alv \u00d8idvin\",\"@id\":\"https:\\\/\\\/its-norway.no\\\/en\\\/#\\\/schema\\\/person\\\/20c394f8d20a4e1c5c7c6f02a9bc29b4\"},\"headline\":\"Norsk Forum for Autonome Skip g\u00e5r inn i ITS Norway\",\"datePublished\":\"2026-09-02T06:34:00+00:00\",\"dateModified\":\"2026-09-02T06:36:13+00:00\",\"mainEntityOfPage\":{\"@id\":\"https:\\\/\\\/its-norway.no\\\/en\\\/norsk-forum-for-autonome-skip-gar-inn-i-its-norway\\\/\"},\"wordCount\":533,\"image\":{\"@id\":\"https:\\\/\\\/its-norway.no\\\/en\\\/norsk-forum-for-autonome-skip-gar-inn-i-its-norway\\\/#primaryimage\"},\"thumbnailUrl\":\"https:\\\/\\\/its-norway.no\\\/wp-content\\\/uploads\\\/2024\\\/08\\\/20230629-Foto-Knut-Neerland-6108-Edit.jpg\",\"articleSection\":[\"Uncategorized @no\"],\"inLanguage\":\"en-US\"},{\"@type\":\"WebPage\",\"@id\":\"https:\\\/\\\/its-norway.no\\\/en\\\/norsk-forum-for-autonome-skip-gar-inn-i-its-norway\\\/\",\"url\":\"https:\\\/\\\/its-norway.no\\\/en\\\/norsk-forum-for-autonome-skip-gar-inn-i-its-norway\\\/\",\"name\":\"Norsk Forum for Autonome Skip g\u00e5r inn i ITS Norway - ITS Norway\",\"isPartOf\":{\"@id\":\"https:\\\/\\\/its-norway.no\\\/en\\\/#website\"},\"primaryImageOfPage\":{\"@id\":\"https:\\\/\\\/its-norway.no\\\/en\\\/norsk-forum-for-autonome-skip-gar-inn-i-its-norway\\\/#primaryimage\"},\"image\":{\"@id\":\"https:\\\/\\\/its-norway.no\\\/en\\\/norsk-forum-for-autonome-skip-gar-inn-i-its-norway\\\/#primaryimage\"},\"thumbnailUrl\":\"https:\\\/\\\/its-norway.no\\\/wp-content\\\/uploads\\\/2024\\\/08\\\/20230629-Foto-Knut-Neerland-6108-Edit.jpg\",\"datePublished\":\"2026-09-02T06:34:00+00:00\",\"dateModified\":\"2026-09-02T06:36:13+00:00\",\"author\":{\"@id\":\"https:\\\/\\\/its-norway.no\\\/en\\\/#\\\/schema\\\/person\\\/20c394f8d20a4e1c5c7c6f02a9bc29b4\"},\"breadcrumb\":{\"@id\":\"https:\\\/\\\/its-norway.no\\\/en\\\/norsk-forum-for-autonome-skip-gar-inn-i-its-norway\\\/#breadcrumb\"},\"inLanguage\":\"en-US\",\"potentialAction\":[{\"@type\":\"ReadAction\",\"target\":[\"https:\\\/\\\/its-norway.no\\\/en\\\/norsk-forum-for-autonome-skip-gar-inn-i-its-norway\\\/\"]}]},{\"@type\":\"ImageObject\",\"inLanguage\":\"en-US\",\"@id\":\"https:\\\/\\\/its-norway.no\\\/en\\\/norsk-forum-for-autonome-skip-gar-inn-i-its-norway\\\/#primaryimage\",\"url\":\"https:\\\/\\\/its-norway.no\\\/wp-content\\\/uploads\\\/2024\\\/08\\\/20230629-Foto-Knut-Neerland-6108-Edit.jpg\",\"contentUrl\":\"https:\\\/\\\/its-norway.no\\\/wp-content\\\/uploads\\\/2024\\\/08\\\/20230629-Foto-Knut-Neerland-6108-Edit.jpg\",\"width\":1920,\"height\":1280},{\"@type\":\"BreadcrumbList\",\"@id\":\"https:\\\/\\\/its-norway.no\\\/en\\\/norsk-forum-for-autonome-skip-gar-inn-i-its-norway\\\/#breadcrumb\",\"itemListElement\":[{\"@type\":\"ListItem\",\"position\":1,\"name\":\"Home\",\"item\":\"https:\\\/\\\/its-norway.no\\\/en\\\/\"},{\"@type\":\"ListItem\",\"position\":2,\"name\":\"Aktuelt\"}]},{\"@type\":\"WebSite\",\"@id\":\"https:\\\/\\\/its-norway.no\\\/en\\\/#website\",\"url\":\"https:\\\/\\\/its-norway.no\\\/en\\\/\",\"name\":\"ITS Norway\",\"description\":\"Intelligente transportsystemer\",\"potentialAction\":[{\"@type\":\"SearchAction\",\"target\":{\"@type\":\"EntryPoint\",\"urlTemplate\":\"https:\\\/\\\/its-norway.no\\\/en\\\/?s={search_term_string}\"},\"query-input\":{\"@type\":\"PropertyValueSpecification\",\"valueRequired\":true,\"valueName\":\"search_term_string\"}}],\"inLanguage\":\"en-US\"},{\"@type\":\"Person\",\"@id\":\"https:\\\/\\\/its-norway.no\\\/en\\\/#\\\/schema\\\/person\\\/20c394f8d20a4e1c5c7c6f02a9bc29b4\",\"name\":\"Alv \u00d8idvin\",\"image\":{\"@type\":\"ImageObject\",\"inLanguage\":\"en-US\",\"@id\":\"https:\\\/\\\/secure.gravatar.com\\\/avatar\\\/e56bd92dd762d296a5ff8d8b3d9d71a087c0b40289f5a411b8e638c51f0877b1?s=96&d=mm&r=g\",\"url\":\"https:\\\/\\\/secure.gravatar.com\\\/avatar\\\/e56bd92dd762d296a5ff8d8b3d9d71a087c0b40289f5a411b8e638c51f0877b1?s=96&d=mm&r=g\",\"contentUrl\":\"https:\\\/\\\/secure.gravatar.com\\\/avatar\\\/e56bd92dd762d296a5ff8d8b3d9d71a087c0b40289f5a411b8e638c51f0877b1?s=96&d=mm&r=g\",\"caption\":\"Alv \u00d8idvin\"}}]}<\/script>\n<!-- \/ Yoast SEO plugin. -->","yoast_head_json":{"title":"Norsk Forum for Autonome Skip g\u00e5r inn i ITS Norway - ITS Norway","robots":{"index":"index","follow":"follow","max-snippet":"max-snippet:-1","max-image-preview":"max-image-preview:large","max-video-preview":"max-video-preview:-1"},"canonical":"https:\/\/its-norway.no\/en\/norsk-forum-for-autonome-skip-gar-inn-i-its-norway\/","og_locale":"en_US","og_type":"article","og_title":"Norsk Forum for Autonome Skip g\u00e5r inn i ITS Norway - ITS Norway","og_description":"Beslutningen ble vedtatt p\u00e5 NFAS sitt ekstraordin\u00e6re \u00e5rsm\u00f8te 18. august. M\u00e5let er \u00e5 videref\u00f8re det sterke fagmilj\u00f8et som er bygget...","og_url":"https:\/\/its-norway.no\/en\/norsk-forum-for-autonome-skip-gar-inn-i-its-norway\/","og_site_name":"ITS Norway","article_published_time":"2026-09-02T06:34:00+00:00","article_modified_time":"2026-09-02T06:36:13+00:00","og_image":[{"width":1920,"height":1280,"url":"https:\/\/its-norway.no\/wp-content\/uploads\/2024\/08\/20230629-Foto-Knut-Neerland-6108-Edit.jpg","type":"image\/jpeg"}],"author":"Alv \u00d8idvin","twitter_card":"summary_large_image","twitter_misc":{"Written by":"Alv \u00d8idvin","Est. reading time":"4 minutes"},"schema":{"@context":"https:\/\/schema.org","@graph":[{"@type":"Article","@id":"https:\/\/its-norway.no\/en\/norsk-forum-for-autonome-skip-gar-inn-i-its-norway\/#article","isPartOf":{"@id":"https:\/\/its-norway.no\/en\/norsk-forum-for-autonome-skip-gar-inn-i-its-norway\/"},"author":{"name":"Alv \u00d8idvin","@id":"https:\/\/its-norway.no\/en\/#\/schema\/person\/20c394f8d20a4e1c5c7c6f02a9bc29b4"},"headline":"Norsk Forum for Autonome Skip g\u00e5r inn i ITS Norway","datePublished":"2026-09-02T06:34:00+00:00","dateModified":"2026-09-02T06:36:13+00:00","mainEntityOfPage":{"@id":"https:\/\/its-norway.no\/en\/norsk-forum-for-autonome-skip-gar-inn-i-its-norway\/"},"wordCount":533,"image":{"@id":"https:\/\/its-norway.no\/en\/norsk-forum-for-autonome-skip-gar-inn-i-its-norway\/#primaryimage"},"thumbnailUrl":"https:\/\/its-norway.no\/wp-content\/uploads\/2024\/08\/20230629-Foto-Knut-Neerland-6108-Edit.jpg","articleSection":["Uncategorized @no"],"inLanguage":"en-US"},{"@type":"WebPage","@id":"https:\/\/its-norway.no\/en\/norsk-forum-for-autonome-skip-gar-inn-i-its-norway\/","url":"https:\/\/its-norway.no\/en\/norsk-forum-for-autonome-skip-gar-inn-i-its-norway\/","name":"Norsk Forum for Autonome Skip g\u00e5r inn i ITS Norway - ITS Norway","isPartOf":{"@id":"https:\/\/its-norway.no\/en\/#website"},"primaryImageOfPage":{"@id":"https:\/\/its-norway.no\/en\/norsk-forum-for-autonome-skip-gar-inn-i-its-norway\/#primaryimage"},"image":{"@id":"https:\/\/its-norway.no\/en\/norsk-forum-for-autonome-skip-gar-inn-i-its-norway\/#primaryimage"},"thumbnailUrl":"https:\/\/its-norway.no\/wp-content\/uploads\/2024\/08\/20230629-Foto-Knut-Neerland-6108-Edit.jpg","datePublished":"2026-09-02T06:34:00+00:00","dateModified":"2026-09-02T06:36:13+00:00","author":{"@id":"https:\/\/its-norway.no\/en\/#\/schema\/person\/20c394f8d20a4e1c5c7c6f02a9bc29b4"},"breadcrumb":{"@id":"https:\/\/its-norway.no\/en\/norsk-forum-for-autonome-skip-gar-inn-i-its-norway\/#breadcrumb"},"inLanguage":"en-US","potentialAction":[{"@type":"ReadAction","target":["https:\/\/its-norway.no\/en\/norsk-forum-for-autonome-skip-gar-inn-i-its-norway\/"]}]},{"@type":"ImageObject","inLanguage":"en-US","@id":"https:\/\/its-norway.no\/en\/norsk-forum-for-autonome-skip-gar-inn-i-its-norway\/#primaryimage","url":"https:\/\/its-norway.no\/wp-content\/uploads\/2024\/08\/20230629-Foto-Knut-Neerland-6108-Edit.jpg","contentUrl":"https:\/\/its-norway.no\/wp-content\/uploads\/2024\/08\/20230629-Foto-Knut-Neerland-6108-Edit.jpg","width":1920,"height":1280},{"@type":"BreadcrumbList","@id":"https:\/\/its-norway.no\/en\/norsk-forum-for-autonome-skip-gar-inn-i-its-norway\/#breadcrumb","itemListElement":[{"@type":"ListItem","position":1,"name":"Home","item":"https:\/\/its-norway.no\/en\/"},{"@type":"ListItem","position":2,"name":"Aktuelt"}]},{"@type":"WebSite","@id":"https:\/\/its-norway.no\/en\/#website","url":"https:\/\/its-norway.no\/en\/","name":"ITS Norway","description":"Intelligente transportsystemer","potentialAction":[{"@type":"SearchAction","target":{"@type":"EntryPoint","urlTemplate":"https:\/\/its-norway.no\/en\/?s={search_term_string}"},"query-input":{"@type":"PropertyValueSpecification","valueRequired":true,"valueName":"search_term_string"}}],"inLanguage":"en-US"},{"@type":"Person","@id":"https:\/\/its-norway.no\/en\/#\/schema\/person\/20c394f8d20a4e1c5c7c6f02a9bc29b4","name":"Alv \u00d8idvin","image":{"@type":"ImageObject","inLanguage":"en-US","@id":"https:\/\/secure.gravatar.com\/avatar\/e56bd92dd762d296a5ff8d8b3d9d71a087c0b40289f5a411b8e638c51f0877b1?s=96&d=mm&r=g","url":"https:\/\/secure.gravatar.com\/avatar\/e56bd92dd762d296a5ff8d8b3d9d71a087c0b40289f5a411b8e638c51f0877b1?s=96&d=mm&r=g","contentUrl":"https:\/\/secure.gravatar.com\/avatar\/e56bd92dd762d296a5ff8d8b3d9d71a087c0b40289f5a411b8e638c51f0877b1?s=96&d=mm&r=g","caption":"Alv \u00d8idvin"}}]}},"_links":{"self":[{"href":"https:\/\/its-norway.no\/en\/wp-json\/wp\/v2\/posts\/12844","targetHints":{"allow":["GET"]}}],"collection":[{"href":"https:\/\/its-norway.no\/en\/wp-json\/wp\/v2\/posts"}],"about":[{"href":"https:\/\/its-norway.no\/en\/wp-json\/wp\/v2\/types\/post"}],"author":[{"embeddable":true,"href":"https:\/\/its-norway.no\/en\/wp-json\/wp\/v2\/users\/12"}],"replies":[{"embeddable":true,"href":"https:\/\/its-norway.no\/en\/wp-json\/wp\/v2\/comments?post=12844"}],"version-history":[{"count":1,"href":"https:\/\/its-norway.no\/en\/wp-json\/wp\/v2\/posts\/12844\/revisions"}],"predecessor-version":[{"id":12847,"href":"https:\/\/its-norway.no\/en\/wp-json\/wp\/v2\/posts\/12844\/revisions\/12847"}],"wp:featuredmedia":[{"embeddable":true,"href":"https:\/\/its-norway.no\/en\/wp-json\/wp\/v2\/media\/9791"}],"wp:attachment":[{"href":"https:\/\/its-norway.no\/en\/wp-json\/wp\/v2\/media?parent=12844"}],"wp:term":[{"taxonomy":"category","embeddable":true,"href":"https:\/\/its-norway.no\/en\/wp-json\/wp\/v2\/categories?post=12844"},{"taxonomy":"post_tag","embeddable":true,"href":"https:\/\/its-norway.no\/en\/wp-json\/wp\/v2\/tags?post=12844"}],"curies":[{"name":"wp","href":"https:\/\/api.w.org\/{rel}","templated":true}]}}